{"id":76487,"date":"2016-06-14T16:25:14","date_gmt":"2016-06-14T13:25:14","guid":{"rendered":"http:\/\/www.sana.sy\/tr\/?p=76487"},"modified":"2016-06-15T15:31:33","modified_gmt":"2016-06-15T12:31:33","slug":"tekfirci-ceteler-arac-ve-silahlariyla-etkisizlestiriliyor","status":"publish","type":"post","link":"https:\/\/archive.sana.sy\/tr\/?p=76487","title":{"rendered":"Tekfirci \u00c7eteler Ara\u00e7 ve Silahlar\u0131yla Etkisizle\u015ftiriliyor"},"content":{"rendered":"<p>\u0130LLER \u2013 Ordu birliklerimiz muhtelif b\u00f6lgelerde tekfirci \u00e7etelere kar\u015f\u0131 operasyonlar\u0131n\u0131 ba\u015far\u0131yla s\u00fcrd\u00fcrmeleriyle onlarcas\u0131n\u0131 ara\u00e7 ve cephaneleriyle birlikte etkisiz hale getirdiler.<\/p>\n<p><span style=\"color: #0000ff\">DEYREZZOR:<\/span><\/p>\n<p>Saha kaynaklar\u0131 SANA\u2019ya a\u00e7\u0131klamalar\u0131nda; ordu birliklerimizin Deyrezzor Kentinin g\u00fcneybat\u0131 kenarlar\u0131na d\u00fc\u015fen Panorama B\u00f6lgesi \u00e7evresinde I\u015e\u0130D\u2019li ter\u00f6r gruplar\u0131yla \u015fiddetli \u00e7at\u0131\u015fmalara girdiklerini ifade etti. Kaynaklar; \u00e7at\u0131\u015fmalarda \u00e7ok say\u0131da ter\u00f6ristin \u00f6l\u00fc ve yaral\u0131 d\u00fc\u015f\u00fcr\u00fcld\u00fc\u011f\u00fcn\u00fc belirtirken, bombal\u0131 bir arac\u0131n hedefine ula\u015fmadan \u00f6nce yok edildi\u011fine dikkat \u00e7ekti.<\/p>\n<p>Deyrezzor k\u0131rsal\u0131n\u0131n g\u00fcneydo\u011fusunda da ordu birliklerimizin Murayiye ve Mezralar\u0131na ek olarak Huvaycet el Murayiye b\u00f6lgelerinde I\u015e\u0130D\u2019in toplanma yerleri ve mevkilerini yo\u011fun ate\u015fe tutuklar\u0131n\u0131 aktaran kaynaklar; buralarda da \u00e7ok say\u0131da ter\u00f6risti su\u00e7 edatlar\u0131yla birlikte imha ettiklerini belirtti.<\/p>\n<p><span style=\"color: #0000ff\">DERA:<\/span><\/p>\n<p>Dera ve k\u0131rsal\u0131nda ise i\u015fgalci \u0130srail\u2019den destek alan Nusra Cephesine y\u00f6nelik nitelikli operasyonlar\u0131n\u0131 s\u00fcrd\u00fcren ordu birliklerimiz; Dera Beled\u2019in Men\u015fiye, ve Siybe semtlerinin yan\u0131 s\u0131ra Eski G\u00fcmr\u00fck civar\u0131nda tekfircilere ait mevki ve komuta karargahlar\u0131n\u0131 yok etti. Operasyonlarda y\u00fcksek say\u0131da ter\u00f6rist \u00f6ld\u00fcr\u00fcl\u00fcp ara\u00e7 ve havan rampalar\u0131n\u0131n ekipleriyle birlikte tamamen imha edildi\u011fi ifade edildi.<\/p>\n","protected":false},"excerpt":{"rendered":"<p>\u0130LLER \u2013 Ordu birliklerimiz muhtelif b\u00f6lgelerde tekfirci \u00e7etelere kar\u015f\u0131 operasyonlar\u0131n\u0131 ba\u015far\u0131yla s\u00fcrd\u00fcrmeleriyle onlarcas\u0131n\u0131 ara\u00e7 ve cephaneleriyle birlikte etkisiz hale getirdiler. DEYREZZOR: Saha kaynaklar\u0131 SANA\u2019ya a\u00e7\u0131klamalar\u0131nda; ordu birliklerimizin Deyrezzor Kentinin g\u00fcneybat\u0131 kenarlar\u0131na d\u00fc\u015fen Panorama B\u00f6lgesi \u00e7evresinde I\u015e\u0130D\u2019li ter\u00f6r gruplar\u0131yla \u015fiddetli \u00e7at\u0131\u015fmalara girdiklerini ifade etti. Kaynaklar; \u00e7at\u0131\u015fmalarda \u00e7ok say\u0131da ter\u00f6ristin \u00f6l\u00fc ve yaral\u0131 d\u00fc\u015f\u00fcr\u00fcld\u00fc\u011f\u00fcn\u00fc belirtirken, bombal\u0131 bir &hellip;<\/p>\n","protected":false},"author":1,"featured_media":76502,"comment_status":"closed","ping_status":"closed","sticky":false,"template":"","format":"standard","meta":{"footnotes":""},"categories":[575,17988],"tags":[21766],"class_list":["post-76487","post","type-post","status-publish","format-standard","has-post-thumbnail","","category-olaylar-ve-gercekler","category-son-haberler","tag-tekfirci-ceteler-arac-ve-silahlariyla-etkisizlestiriliyor"],"_links":{"self":[{"href":"https:\/\/archive.sana.sy\/tr\/index.php?rest_route=\/wp\/v2\/posts\/76487","targetHints":{"allow":["GET"]}}],"collection":[{"href":"https:\/\/archive.sana.sy\/tr\/index.php?rest_route=\/wp\/v2\/posts"}],"about":[{"href":"https:\/\/archive.sana.sy\/tr\/index.php?rest_route=\/wp\/v2\/types\/post"}],"author":[{"embeddable":true,"href":"https:\/\/archive.sana.sy\/tr\/index.php?rest_route=\/wp\/v2\/users\/1"}],"replies":[{"embeddable":true,"href":"https:\/\/archive.sana.sy\/tr\/index.php?rest_route=%2Fwp%2Fv2%2Fcomments&post=76487"}],"version-history":[{"count":0,"href":"https:\/\/archive.sana.sy\/tr\/index.php?rest_route=\/wp\/v2\/posts\/76487\/revisions"}],"wp:featuredmedia":[{"embeddable":true,"href":"https:\/\/archive.sana.sy\/tr\/index.php?rest_route=\/wp\/v2\/media\/76502"}],"wp:attachment":[{"href":"https:\/\/archive.sana.sy\/tr\/index.php?rest_route=%2Fwp%2Fv2%2Fmedia&parent=76487"}],"wp:term":[{"taxonomy":"category","embeddable":true,"href":"https:\/\/archive.sana.sy\/tr\/index.php?rest_route=%2Fwp%2Fv2%2Fcategories&post=76487"},{"taxonomy":"post_tag","embeddable":true,"href":"https:\/\/archive.sana.sy\/tr\/index.php?rest_route=%2Fwp%2Fv2%2Ftags&post=76487"}],"curies":[{"name":"wp","href":"https:\/\/api.w.org\/{rel}","templated":true}]}}