{"id":76501,"date":"2016-06-14T17:07:03","date_gmt":"2016-06-14T14:07:03","guid":{"rendered":"http:\/\/www.sana.sy\/tr\/?p=76501"},"modified":"2016-06-15T14:45:16","modified_gmt":"2016-06-15T11:45:16","slug":"teror-hucresi-tum-elemanlariyla-yakalandi","status":"publish","type":"post","link":"https:\/\/archive.sana.sy\/tr\/?p=76501","title":{"rendered":"Ter\u00f6r H\u00fccresi T\u00fcm Elemanlar\u0131yla Yakaland\u0131"},"content":{"rendered":"<p>DERA \u2013 G\u00fcvenlik birimleri bug\u00fcn Dera k\u0131rsal\u0131 Cbab Beldesinde, \u00f6ld\u00fcrme ve ka\u00e7\u0131rma eylemlerinin yan\u0131 s\u0131ra ter\u00f6r \u00f6rg\u00fctlere yard\u0131m ve cephane ta\u015f\u0131ma su\u00e7lar\u0131 i\u015fleyen bir ter\u00f6r \u00f6rg\u00fct\u00fcn\u00fcn elemanlar\u0131n\u0131 yakalad\u0131.<\/p>\n<p>Dera Valili\u011finde yetkili bir kaynak SANA\u2019ya a\u00e7\u0131klamas\u0131nda; 11 ki\u015fiden ibaret ter\u00f6r h\u00fccresinin savunmas\u0131z sivil insanlara kar\u015f\u0131 \u00f6ld\u00fcrme ve ka\u00e7\u0131rma eylemlerinin yan\u0131 s\u0131ra ter\u00f6r \u00f6rg\u00fctlere finans sa\u011flama ve cephane ta\u015f\u0131ma gibi su\u00e7lar\u0131n\u0131 itiraf ettiklerini belirtti. Ter\u00f6ristlerin ayr\u0131ca il k\u0131rsal\u0131n\u0131n do\u011fusu L\u00fcca B\u00f6lgesinde bulunan tekfirci ter\u00f6ristlere motosikletler ka\u00e7\u0131rd\u0131klar\u0131n\u0131 ifade eden kaynak, bomba d\u00fczeneklerinin imal edilmesi su\u00e7lar\u0131na da bula\u015ft\u0131klar\u0131n\u0131n tespit edildi\u011fini s\u00f6zlerine ekledi.<\/p>\n<p>Kaynak yakalanan ter\u00f6ristlerin eleba\u015f\u0131 \u2018Mahmut Dervi\u015f\u2019 kod ad\u0131yla bilinen Mahmut Ebu Havvi\u2019nin belde ahalisinden 5 vatanda\u015f\u0131 \u00f6ld\u00fcrmenin yan\u0131 s\u0131ra \u2018Faruk T\u00fcmenleri\u2019, \u2018Amud Horan\u2019, \u2018Ecnad el \u015eam\u2019 ve \u2018Rahman Taburlar\u0131\u2019na ek olarak L\u00fcca, \u015eeara, Busr el Harir, Busra el \u015eam ve Tafas b\u00f6lgelerinde bulunan ter\u00f6r gruplar\u0131na para kar\u015f\u0131l\u0131\u011f\u0131nda yard\u0131m ve destekte bulunduklar\u0131n\u0131 itiraf etti\u011fini aktard\u0131.<\/p>\n<p>Kaynak yakalanan ter\u00f6ristlerin usulen yarg\u0131lanmalar\u0131 \u00fczerine yarg\u0131ya sevk edildiklerini belirtti.<\/p>\n<p>Bu arada Cbab Beldesinde, ahalisinin ter\u00f6ristlere kar\u015f\u0131 koymalar\u0131 ve Suriye ordusu etraf\u0131nda kenetlenmeleriyle g\u00fcven ve istikrar i\u00e7inde normal bir ya\u015fam seyir ediyor.<\/p>\n","protected":false},"excerpt":{"rendered":"<p>DERA \u2013 G\u00fcvenlik birimleri bug\u00fcn Dera k\u0131rsal\u0131 Cbab Beldesinde, \u00f6ld\u00fcrme ve ka\u00e7\u0131rma eylemlerinin yan\u0131 s\u0131ra ter\u00f6r \u00f6rg\u00fctlere yard\u0131m ve cephane ta\u015f\u0131ma su\u00e7lar\u0131 i\u015fleyen bir ter\u00f6r \u00f6rg\u00fct\u00fcn\u00fcn elemanlar\u0131n\u0131 yakalad\u0131. Dera Valili\u011finde yetkili bir kaynak SANA\u2019ya a\u00e7\u0131klamas\u0131nda; 11 ki\u015fiden ibaret ter\u00f6r h\u00fccresinin savunmas\u0131z sivil insanlara kar\u015f\u0131 \u00f6ld\u00fcrme ve ka\u00e7\u0131rma eylemlerinin yan\u0131 s\u0131ra ter\u00f6r \u00f6rg\u00fctlere finans sa\u011flama ve &hellip;<\/p>\n","protected":false},"author":1,"featured_media":76612,"comment_status":"closed","ping_status":"closed","sticky":false,"template":"","format":"standard","meta":{"footnotes":""},"categories":[479,575,17988,478],"tags":[21768,21769,21767],"class_list":["post-76501","post","type-post","status-publish","format-standard","has-post-thumbnail","","category-haberler-yerel","category-olaylar-ve-gercekler","category-son-haberler","category-yerel","tag-guvenlik-birimleri-bugun-dera-kirsali-cbab-beldesinde","tag-oldurme-ve-kacirma-eylemlerinin-yani-sira-teror-orgutlere-yardim-ve-cephane-tasima-suclari-isleyen-bir-teror-orgutunun-elemanlarini-yakaladi","tag-teror-hucresi-tum-elemanlariyla-yakalandi"],"_links":{"self":[{"href":"https:\/\/archive.sana.sy\/tr\/index.php?rest_route=\/wp\/v2\/posts\/76501","targetHints":{"allow":["GET"]}}],"collection":[{"href":"https:\/\/archive.sana.sy\/tr\/index.php?rest_route=\/wp\/v2\/posts"}],"about":[{"href":"https:\/\/archive.sana.sy\/tr\/index.php?rest_route=\/wp\/v2\/types\/post"}],"author":[{"embeddable":true,"href":"https:\/\/archive.sana.sy\/tr\/index.php?rest_route=\/wp\/v2\/users\/1"}],"replies":[{"embeddable":true,"href":"https:\/\/archive.sana.sy\/tr\/index.php?rest_route=%2Fwp%2Fv2%2Fcomments&post=76501"}],"version-history":[{"count":0,"href":"https:\/\/archive.sana.sy\/tr\/index.php?rest_route=\/wp\/v2\/posts\/76501\/revisions"}],"wp:featuredmedia":[{"embeddable":true,"href":"https:\/\/archive.sana.sy\/tr\/index.php?rest_route=\/wp\/v2\/media\/76612"}],"wp:attachment":[{"href":"https:\/\/archive.sana.sy\/tr\/index.php?rest_route=%2Fwp%2Fv2%2Fmedia&parent=76501"}],"wp:term":[{"taxonomy":"category","embeddable":true,"href":"https:\/\/archive.sana.sy\/tr\/index.php?rest_route=%2Fwp%2Fv2%2Fcategories&post=76501"},{"taxonomy":"post_tag","embeddable":true,"href":"https:\/\/archive.sana.sy\/tr\/index.php?rest_route=%2Fwp%2Fv2%2Ftags&post=76501"}],"curies":[{"name":"wp","href":"https:\/\/api.w.org\/{rel}","templated":true}]}}