{"id":76503,"date":"2016-06-14T16:52:31","date_gmt":"2016-06-14T13:52:31","guid":{"rendered":"http:\/\/www.sana.sy\/tr\/?p=76503"},"modified":"2016-06-14T16:52:31","modified_gmt":"2016-06-14T13:52:31","slug":"rusya-baskanlik-sarayi-kremlin-baskan-vladimir-putinin-uluslararasi-petersburg-ekonomi-forumu-kapsaminda-bm-genel-sekreteri-ban-ki-moon-ve-banin-suriye-ozel-temsilcisi-staffan-de-mis","status":"publish","type":"post","link":"https:\/\/archive.sana.sy\/tr\/?p=76503","title":{"rendered":"Rusya Ba\u015fkanl\u0131k Saray\u0131 Kremlin Ba\u015fkan Vladimir Putin\u2019in Uluslararas\u0131 Petersburg Ekonomi Forumu kapsam\u0131nda BM Genel Sekreteri Ban Ki-moon ve Ban\u2019\u0131n Suriye \u00f6zel temsilcisi Staffan de Mistura ile Suriye&#8217;deki kriz ve \u00e7\u00f6z\u00fcm\u00fcn\u00fc g\u00f6r\u00fc\u015fece\u011fini ilan etti"},"content":{"rendered":"<p>Rusya Ba\u015fkanl\u0131k Saray\u0131 Kremlin Ba\u015fkan Vladimir Putin\u2019in Uluslararas\u0131 Petersburg Ekonomi Forumu kapsam\u0131nda BM Genel Sekreteri Ban Ki-moon ve Ban\u2019\u0131n Suriye \u00f6zel temsilcisi Staffan de Mistura ile Suriye&#8217;deki kriz ve \u00e7\u00f6z\u00fcm\u00fcn\u00fc g\u00f6r\u00fc\u015fece\u011fini ilan etti<\/p>\n","protected":false},"excerpt":{"rendered":"<p>Rusya Ba\u015fkanl\u0131k Saray\u0131 Kremlin Ba\u015fkan Vladimir Putin\u2019in Uluslararas\u0131 Petersburg Ekonomi Forumu kapsam\u0131nda BM Genel Sekreteri Ban Ki-moon ve Ban\u2019\u0131n Suriye \u00f6zel temsilcisi Staffan de Mistura ile Suriye&#8217;deki kriz ve \u00e7\u00f6z\u00fcm\u00fcn\u00fc g\u00f6r\u00fc\u015fece\u011fini ilan etti<\/p>\n","protected":false},"author":1,"featured_media":0,"comment_status":"closed","ping_status":"closed","sticky":false,"template":"","format":"standard","meta":{"footnotes":""},"categories":[17991],"tags":[],"class_list":["post-76503","post","type-post","status-publish","format-standard","","category-son-dakika"],"_links":{"self":[{"href":"https:\/\/archive.sana.sy\/tr\/index.php?rest_route=\/wp\/v2\/posts\/76503","targetHints":{"allow":["GET"]}}],"collection":[{"href":"https:\/\/archive.sana.sy\/tr\/index.php?rest_route=\/wp\/v2\/posts"}],"about":[{"href":"https:\/\/archive.sana.sy\/tr\/index.php?rest_route=\/wp\/v2\/types\/post"}],"author":[{"embeddable":true,"href":"https:\/\/archive.sana.sy\/tr\/index.php?rest_route=\/wp\/v2\/users\/1"}],"replies":[{"embeddable":true,"href":"https:\/\/archive.sana.sy\/tr\/index.php?rest_route=%2Fwp%2Fv2%2Fcomments&post=76503"}],"version-history":[{"count":0,"href":"https:\/\/archive.sana.sy\/tr\/index.php?rest_route=\/wp\/v2\/posts\/76503\/revisions"}],"wp:attachment":[{"href":"https:\/\/archive.sana.sy\/tr\/index.php?rest_route=%2Fwp%2Fv2%2Fmedia&parent=76503"}],"wp:term":[{"taxonomy":"category","embeddable":true,"href":"https:\/\/archive.sana.sy\/tr\/index.php?rest_route=%2Fwp%2Fv2%2Fcategories&post=76503"},{"taxonomy":"post_tag","embeddable":true,"href":"https:\/\/archive.sana.sy\/tr\/index.php?rest_route=%2Fwp%2Fv2%2Ftags&post=76503"}],"curies":[{"name":"wp","href":"https:\/\/api.w.org\/{rel}","templated":true}]}}