{"id":7653,"date":"2014-08-18T23:52:46","date_gmt":"2014-08-18T20:52:46","guid":{"rendered":"http:\/\/www.sana.sy\/tr\/?p=7653"},"modified":"2014-08-19T12:54:11","modified_gmt":"2014-08-19T09:54:11","slug":"muhtelif-bolgelerden-705-kisi-silahlariyla-teslim-oldu","status":"publish","type":"post","link":"https:\/\/archive.sana.sy\/tr\/?p=7653","title":{"rendered":"Muhtelif B\u00f6lgelerden 705 Ki\u015fi Silahlar\u0131yla Teslim Oldu"},"content":{"rendered":"<p>\u015eAM \u2013 \u015eam, S\u00fcveyda, Dera, Homs, Kunaytra, Hama, Lazkiye, Deyrezzor, \u0130dlib ve Rakka illerinden bug\u00fcn 525 ki\u015fi silahlar\u0131yla birlikte ilgili g\u00fcvenlik kurumlar\u0131na teslim oldular.<\/p>\n<p>\u015eam k\u0131rsal\u0131n\u0131n Zebadani B\u00f6lgesinde ise ulusal uzla\u015fma komitesinin \u00e7abalar\u0131 neticesinde silahl\u0131 eylemlere kat\u0131lan 180 ki\u015fi silahlar\u0131yla birlikte teslim olurken; yeniden ulusal g\u00fcvenli\u011fi sarsacak herhangi bir eyleme kat\u0131lmama taahh\u00fcd\u00fc imzalamalar\u0131 ard\u0131ndan serbest b\u0131rak\u0131ld\u0131lar.<\/p>\n","protected":false},"excerpt":{"rendered":"<p>\u015eAM \u2013 \u015eam, S\u00fcveyda, Dera, Homs, Kunaytra, Hama, Lazkiye, Deyrezzor, \u0130dlib ve Rakka illerinden bug\u00fcn 525 ki\u015fi silahlar\u0131yla birlikte ilgili g\u00fcvenlik kurumlar\u0131na teslim oldular. \u015eam k\u0131rsal\u0131n\u0131n Zebadani B\u00f6lgesinde ise ulusal uzla\u015fma komitesinin \u00e7abalar\u0131 neticesinde silahl\u0131 eylemlere kat\u0131lan 180 ki\u015fi silahlar\u0131yla birlikte teslim olurken; yeniden ulusal g\u00fcvenli\u011fi sarsacak herhangi bir eyleme kat\u0131lmama taahh\u00fcd\u00fc imzalamalar\u0131 ard\u0131ndan serbest &hellip;<\/p>\n","protected":false},"author":1,"featured_media":7655,"comment_status":"closed","ping_status":"closed","sticky":false,"template":"","format":"standard","meta":{"footnotes":""},"categories":[479,575,478],"tags":[1706],"class_list":["post-7653","post","type-post","status-publish","format-standard","has-post-thumbnail","","category-haberler-yerel","category-olaylar-ve-gercekler","category-yerel","tag-muhtelif-bolgelerden-705-kisi-silahlariyla-teslim-oldu"],"_links":{"self":[{"href":"https:\/\/archive.sana.sy\/tr\/index.php?rest_route=\/wp\/v2\/posts\/7653","targetHints":{"allow":["GET"]}}],"collection":[{"href":"https:\/\/archive.sana.sy\/tr\/index.php?rest_route=\/wp\/v2\/posts"}],"about":[{"href":"https:\/\/archive.sana.sy\/tr\/index.php?rest_route=\/wp\/v2\/types\/post"}],"author":[{"embeddable":true,"href":"https:\/\/archive.sana.sy\/tr\/index.php?rest_route=\/wp\/v2\/users\/1"}],"replies":[{"embeddable":true,"href":"https:\/\/archive.sana.sy\/tr\/index.php?rest_route=%2Fwp%2Fv2%2Fcomments&post=7653"}],"version-history":[{"count":0,"href":"https:\/\/archive.sana.sy\/tr\/index.php?rest_route=\/wp\/v2\/posts\/7653\/revisions"}],"wp:featuredmedia":[{"embeddable":true,"href":"https:\/\/archive.sana.sy\/tr\/index.php?rest_route=\/wp\/v2\/media\/7655"}],"wp:attachment":[{"href":"https:\/\/archive.sana.sy\/tr\/index.php?rest_route=%2Fwp%2Fv2%2Fmedia&parent=7653"}],"wp:term":[{"taxonomy":"category","embeddable":true,"href":"https:\/\/archive.sana.sy\/tr\/index.php?rest_route=%2Fwp%2Fv2%2Fcategories&post=7653"},{"taxonomy":"post_tag","embeddable":true,"href":"https:\/\/archive.sana.sy\/tr\/index.php?rest_route=%2Fwp%2Fv2%2Ftags&post=7653"}],"curies":[{"name":"wp","href":"https:\/\/api.w.org\/{rel}","templated":true}]}}