{"id":76557,"date":"2016-06-15T10:25:16","date_gmt":"2016-06-15T07:25:16","guid":{"rendered":"http:\/\/www.sana.sy\/tr\/?p=76557"},"modified":"2016-06-15T13:15:59","modified_gmt":"2016-06-15T10:15:59","slug":"bu-guclerin-suriyede-bulunmalarinin-nedeninin-terorle-mucadele-amacli-oldugunu-iddia-etmenin-hicbir-sekilde-inandirici-olmadigini-vurgulayan-kaynak-terorle-etkin-ve-mesru-mucadele","status":"publish","type":"post","link":"https:\/\/archive.sana.sy\/tr\/?p=76557","title":{"rendered":"Bu g\u00fc\u00e7lerin Suriye&#8217;de bulunmalar\u0131n\u0131n nedeninin \u2018ter\u00f6rle m\u00fccadele ama\u00e7l\u0131 oldu\u011funu\u2019 iddia etmenin hi\u00e7bir \u015fekilde inand\u0131r\u0131c\u0131 olmad\u0131\u011f\u0131n\u0131 vurgulayan kaynak; ter\u00f6rle etkin ve me\u015fru m\u00fccadelenin, ter\u00f6re kar\u015f\u0131 ordusu ve halk\u0131n\u0131n azim ve fedakarl\u0131klarla m\u00fccadele eden me\u015fru Suriye h\u00fck\u00fcmeti ile koordinasyon ve i\u015fbirli\u011fini gerektirdi\u011finin alt\u0131n\u0131 \u00e7izdi. Kaynak Suriye h\u00fck\u00fcmeti, ordusu ve halk\u0131n\u0131n ter\u00f6re kar\u015f\u0131 m\u00fccadelesine vurgu yapt\u0131"},"content":{"rendered":"<p>Bu g\u00fc\u00e7lerin Suriye&#8217;de bulunmalar\u0131n\u0131n nedeninin \u2018ter\u00f6rle m\u00fccadele ama\u00e7l\u0131 oldu\u011funu\u2019 iddia etmenin hi\u00e7bir \u015fekilde inand\u0131r\u0131c\u0131 olmad\u0131\u011f\u0131n\u0131 vurgulayan kaynak; ter\u00f6rle etkin ve me\u015fru m\u00fccadelenin, ter\u00f6re kar\u015f\u0131 ordusu ve halk\u0131n\u0131n azim ve fedakarl\u0131klarla m\u00fccadele eden me\u015fru Suriye h\u00fck\u00fcmeti ile koordinasyon ve i\u015fbirli\u011fini gerektirdi\u011finin alt\u0131n\u0131 \u00e7izdi. Kaynak Suriye h\u00fck\u00fcmeti, ordusu ve halk\u0131n\u0131n ter\u00f6re kar\u015f\u0131 m\u00fccadelesine vurgu yapt\u0131<\/p>\n","protected":false},"excerpt":{"rendered":"<p>Bu g\u00fc\u00e7lerin Suriye&#8217;de bulunmalar\u0131n\u0131n nedeninin \u2018ter\u00f6rle m\u00fccadele ama\u00e7l\u0131 oldu\u011funu\u2019 iddia etmenin hi\u00e7bir \u015fekilde inand\u0131r\u0131c\u0131 olmad\u0131\u011f\u0131n\u0131 vurgulayan kaynak; ter\u00f6rle etkin ve me\u015fru m\u00fccadelenin, ter\u00f6re kar\u015f\u0131 ordusu ve halk\u0131n\u0131n azim ve fedakarl\u0131klarla m\u00fccadele eden me\u015fru Suriye h\u00fck\u00fcmeti ile koordinasyon ve i\u015fbirli\u011fini gerektirdi\u011finin alt\u0131n\u0131 \u00e7izdi. Kaynak Suriye h\u00fck\u00fcmeti, ordusu ve halk\u0131n\u0131n ter\u00f6re kar\u015f\u0131 m\u00fccadelesine vurgu yapt\u0131<\/p>\n","protected":false},"author":1,"featured_media":0,"comment_status":"closed","ping_status":"closed","sticky":false,"template":"","format":"standard","meta":{"footnotes":""},"categories":[17991],"tags":[],"class_list":["post-76557","post","type-post","status-publish","format-standard","","category-son-dakika"],"_links":{"self":[{"href":"https:\/\/archive.sana.sy\/tr\/index.php?rest_route=\/wp\/v2\/posts\/76557","targetHints":{"allow":["GET"]}}],"collection":[{"href":"https:\/\/archive.sana.sy\/tr\/index.php?rest_route=\/wp\/v2\/posts"}],"about":[{"href":"https:\/\/archive.sana.sy\/tr\/index.php?rest_route=\/wp\/v2\/types\/post"}],"author":[{"embeddable":true,"href":"https:\/\/archive.sana.sy\/tr\/index.php?rest_route=\/wp\/v2\/users\/1"}],"replies":[{"embeddable":true,"href":"https:\/\/archive.sana.sy\/tr\/index.php?rest_route=%2Fwp%2Fv2%2Fcomments&post=76557"}],"version-history":[{"count":0,"href":"https:\/\/archive.sana.sy\/tr\/index.php?rest_route=\/wp\/v2\/posts\/76557\/revisions"}],"wp:attachment":[{"href":"https:\/\/archive.sana.sy\/tr\/index.php?rest_route=%2Fwp%2Fv2%2Fmedia&parent=76557"}],"wp:term":[{"taxonomy":"category","embeddable":true,"href":"https:\/\/archive.sana.sy\/tr\/index.php?rest_route=%2Fwp%2Fv2%2Fcategories&post=76557"},{"taxonomy":"post_tag","embeddable":true,"href":"https:\/\/archive.sana.sy\/tr\/index.php?rest_route=%2Fwp%2Fv2%2Ftags&post=76557"}],"curies":[{"name":"wp","href":"https:\/\/api.w.org\/{rel}","templated":true}]}}