{"id":76561,"date":"2016-06-15T10:28:45","date_gmt":"2016-06-15T07:28:45","guid":{"rendered":"http:\/\/www.sana.sy\/tr\/?p=76561"},"modified":"2016-06-15T13:16:30","modified_gmt":"2016-06-15T10:16:30","slug":"bunlarin-isiginda-almanya-ve-fransanin-suriye-topraklari-uzerinde-ozel-guclerini-bulundurmasinin-terorle-mucadeleden-cok-daha-ote-bir-hedef-tasidigini-vurgulayan-kaynak-terorle-mucadele-etti","status":"publish","type":"post","link":"https:\/\/archive.sana.sy\/tr\/?p=76561","title":{"rendered":"Bunlar\u0131n \u0131\u015f\u0131\u011f\u0131nda Almanya ve Fransa\u2019n\u0131n Suriye topraklar\u0131 \u00fczerinde \u00f6zel g\u00fc\u00e7lerini bulundurmas\u0131n\u0131n ter\u00f6rle m\u00fccadeleden \u00e7ok daha \u00f6te bir hedef ta\u015f\u0131d\u0131\u011f\u0131n\u0131 vurgulayan kaynak; ter\u00f6rle m\u00fccadele etti\u011fini iddia eden bu devletlerin Suriye&#8217;de krizin ba\u015f\u0131ndan beri \u00e7okuluslu tekfirci ter\u00f6re her t\u00fcrl\u00fc deste\u011fi temin ettiklerinin alt\u0131n\u0131 \u00e7izdi"},"content":{"rendered":"<p>Bunlar\u0131n \u0131\u015f\u0131\u011f\u0131nda Almanya ve Fransa\u2019n\u0131n Suriye topraklar\u0131 \u00fczerinde \u00f6zel g\u00fc\u00e7lerini bulundurmas\u0131n\u0131n ter\u00f6rle m\u00fccadeleden \u00e7ok daha \u00f6te bir hedef ta\u015f\u0131d\u0131\u011f\u0131n\u0131 vurgulayan kaynak; ter\u00f6rle m\u00fccadele etti\u011fini iddia eden bu devletlerin Suriye&#8217;de krizin ba\u015f\u0131ndan beri \u00e7okuluslu tekfirci ter\u00f6re her t\u00fcrl\u00fc deste\u011fi temin ettiklerinin alt\u0131n\u0131 \u00e7izdi<\/p>\n","protected":false},"excerpt":{"rendered":"<p>Bunlar\u0131n \u0131\u015f\u0131\u011f\u0131nda Almanya ve Fransa\u2019n\u0131n Suriye topraklar\u0131 \u00fczerinde \u00f6zel g\u00fc\u00e7lerini bulundurmas\u0131n\u0131n ter\u00f6rle m\u00fccadeleden \u00e7ok daha \u00f6te bir hedef ta\u015f\u0131d\u0131\u011f\u0131n\u0131 vurgulayan kaynak; ter\u00f6rle m\u00fccadele etti\u011fini iddia eden bu devletlerin Suriye&#8217;de krizin ba\u015f\u0131ndan beri \u00e7okuluslu tekfirci ter\u00f6re her t\u00fcrl\u00fc deste\u011fi temin ettiklerinin alt\u0131n\u0131 \u00e7izdi<\/p>\n","protected":false},"author":1,"featured_media":0,"comment_status":"closed","ping_status":"closed","sticky":false,"template":"","format":"standard","meta":{"footnotes":""},"categories":[17991],"tags":[],"class_list":["post-76561","post","type-post","status-publish","format-standard","","category-son-dakika"],"_links":{"self":[{"href":"https:\/\/archive.sana.sy\/tr\/index.php?rest_route=\/wp\/v2\/posts\/76561","targetHints":{"allow":["GET"]}}],"collection":[{"href":"https:\/\/archive.sana.sy\/tr\/index.php?rest_route=\/wp\/v2\/posts"}],"about":[{"href":"https:\/\/archive.sana.sy\/tr\/index.php?rest_route=\/wp\/v2\/types\/post"}],"author":[{"embeddable":true,"href":"https:\/\/archive.sana.sy\/tr\/index.php?rest_route=\/wp\/v2\/users\/1"}],"replies":[{"embeddable":true,"href":"https:\/\/archive.sana.sy\/tr\/index.php?rest_route=%2Fwp%2Fv2%2Fcomments&post=76561"}],"version-history":[{"count":0,"href":"https:\/\/archive.sana.sy\/tr\/index.php?rest_route=\/wp\/v2\/posts\/76561\/revisions"}],"wp:attachment":[{"href":"https:\/\/archive.sana.sy\/tr\/index.php?rest_route=%2Fwp%2Fv2%2Fmedia&parent=76561"}],"wp:term":[{"taxonomy":"category","embeddable":true,"href":"https:\/\/archive.sana.sy\/tr\/index.php?rest_route=%2Fwp%2Fv2%2Fcategories&post=76561"},{"taxonomy":"post_tag","embeddable":true,"href":"https:\/\/archive.sana.sy\/tr\/index.php?rest_route=%2Fwp%2Fv2%2Ftags&post=76561"}],"curies":[{"name":"wp","href":"https:\/\/api.w.org\/{rel}","templated":true}]}}