{"id":7660,"date":"2014-08-19T01:21:51","date_gmt":"2014-08-18T22:21:51","guid":{"rendered":"http:\/\/www.sana.sy\/tr\/?p=7660"},"modified":"2014-08-19T01:22:14","modified_gmt":"2014-08-18T22:22:14","slug":"hasekede-hizmet-durumlarinin-iyilestirilmesi-ve-yerel-uretime-dayali-sanayi-kurumlari-talep-ettiler","status":"publish","type":"post","link":"https:\/\/archive.sana.sy\/tr\/?p=7660","title":{"rendered":"Haseke\u2019de Hizmet Durumlar\u0131n\u0131n \u0130yile\u015ftirilmesi ve Yerel \u00dcretime Dayal\u0131 Sanayi Kurumlar\u0131 Talep Ettiler"},"content":{"rendered":"<p>HASEKE \u2013 Sosyalist Arap el Baas Partisi Genel Sekreter Yard\u0131mc\u0131s\u0131 Hilal Hilal d\u00fcn Pazartesi g\u00fcn\u00fc Haseke iline tabi Kam\u0131\u015fl\u0131 Kentinde sosyal faaliyetlerle bir araya geldi.<\/p>\n<p>Bulu\u015fmada Hilal son olarak Haseke\u2019ye sald\u0131ran ve 3 y\u0131ldan beri Suriye&#8217;nin muhtelif b\u00f6lgelerinde ulusal birli\u011fi baltalamaya \u00e7al\u0131\u015fan ter\u00f6r \u00f6rg\u00fctlerinin ana hedefinin Haseke ilinin t\u00fcm bile\u015fenleri ve kesimlerini bir araya getiren karde\u015flik ve sevgi duygular\u0131n\u0131n yan\u0131 s\u0131ra aralar\u0131ndaki s\u0131cak ili\u015fkileri sabote etmek oldu\u011funu belirtti.<\/p>\n<p>Baas Partisi Merkez Y\u00f6netim Kurulu \u00fcyesi ve organizasyon departman direkt\u00f6r\u00fc Yusuf el Ahmet; Suriye ve halk\u0131n\u0131n d\u00fc\u015fmanlar\u0131n\u0131n yanl\u0131\u015f bir zamanda yanl\u0131\u015f bir yerde Suriye&#8217;nin b\u00f6lgedeki kilit rol\u00fcn\u00fc baltalamaya \u00e7al\u0131\u015ft\u0131klar\u0131na dikkat \u00e7ekerken; Suriye halk\u0131n\u0131n t\u00fcm bile\u015fenleri ve kesimleriyle vatan, ordusu ve lideri etraf\u0131nda kenetlenip Suriye&#8217;yi savunduklar\u0131n\u0131 belirtti.<\/p>\n<p>Baas Partisi Merkez Y\u00f6netim Kurulu \u00fcyesi ve \u0130\u015f\u00e7i Departman\u0131 Direkt\u00f6r\u00fc Muhammed \u015eaban Azzuz; ordu birliklerimizin \u00e7okuluslu ter\u00f6re kar\u015f\u0131 kahramanl\u0131k ve fedakarl\u0131klar\u0131n\u0131n karanl\u0131k g\u00fc\u00e7ler ve destek\u00e7ilerinin \u00f6n\u00fcnde ge\u00e7ilmez bir duvar te\u015fkil ettiklerini ifade etti.<\/p>\n<p>Bulu\u015fmada s\u00f6z hakk\u0131 alan Kam\u0131\u015fl\u0131l\u0131 sosyal faaliyet temsilcileri Baas Partisi ile yurtsever di\u011fer siyasi partiler aras\u0131nda orakl\u0131\u011f\u0131n peki\u015ftirilmesi ve yolsuzlukla m\u00fccadelenin daha \u00e7ok etkile\u015ftirilmesi \u00fczerine odaklan\u0131rken; Haseke ilindeki hizmet durumuna daha \u00e7ok \u00f6nem verilmesi talebinde bulundular.<\/p>\n<p>Kam\u0131\u015fl\u0131l\u0131 sosyal faaliyet temsilciler Haseke\u2019de yerel \u00fcretime dayanan sanayi kurumlar\u0131n\u0131n artt\u0131r\u0131lmas\u0131 ve devlet hazinelerinin bir k\u0131sm\u0131n\u0131n \u015fehit ailelerine da\u011f\u0131t\u0131lmas\u0131n\u0131 talep ettiler.<\/p>\n","protected":false},"excerpt":{"rendered":"<p>HASEKE \u2013 Sosyalist Arap el Baas Partisi Genel Sekreter Yard\u0131mc\u0131s\u0131 Hilal Hilal d\u00fcn Pazartesi g\u00fcn\u00fc Haseke iline tabi Kam\u0131\u015fl\u0131 Kentinde sosyal faaliyetlerle bir araya geldi. Bulu\u015fmada Hilal son olarak Haseke\u2019ye sald\u0131ran ve 3 y\u0131ldan beri Suriye&#8217;nin muhtelif b\u00f6lgelerinde ulusal birli\u011fi baltalamaya \u00e7al\u0131\u015fan ter\u00f6r \u00f6rg\u00fctlerinin ana hedefinin Haseke ilinin t\u00fcm bile\u015fenleri ve kesimlerini bir araya getiren &hellip;<\/p>\n","protected":false},"author":1,"featured_media":7661,"comment_status":"closed","ping_status":"closed","sticky":false,"template":"","format":"standard","meta":{"footnotes":""},"categories":[479,447,478],"tags":[1707],"class_list":["post-7660","post","type-post","status-publish","format-standard","has-post-thumbnail","","category-haberler-yerel","category-politika","category-yerel","tag-hasekede-hizmet-durumlarinin-iyilestirilmesi-ve-yerel-uretime-dayali-sanayi-kurumlari-talep-ettiler"],"_links":{"self":[{"href":"https:\/\/archive.sana.sy\/tr\/index.php?rest_route=\/wp\/v2\/posts\/7660","targetHints":{"allow":["GET"]}}],"collection":[{"href":"https:\/\/archive.sana.sy\/tr\/index.php?rest_route=\/wp\/v2\/posts"}],"about":[{"href":"https:\/\/archive.sana.sy\/tr\/index.php?rest_route=\/wp\/v2\/types\/post"}],"author":[{"embeddable":true,"href":"https:\/\/archive.sana.sy\/tr\/index.php?rest_route=\/wp\/v2\/users\/1"}],"replies":[{"embeddable":true,"href":"https:\/\/archive.sana.sy\/tr\/index.php?rest_route=%2Fwp%2Fv2%2Fcomments&post=7660"}],"version-history":[{"count":0,"href":"https:\/\/archive.sana.sy\/tr\/index.php?rest_route=\/wp\/v2\/posts\/7660\/revisions"}],"wp:featuredmedia":[{"embeddable":true,"href":"https:\/\/archive.sana.sy\/tr\/index.php?rest_route=\/wp\/v2\/media\/7661"}],"wp:attachment":[{"href":"https:\/\/archive.sana.sy\/tr\/index.php?rest_route=%2Fwp%2Fv2%2Fmedia&parent=7660"}],"wp:term":[{"taxonomy":"category","embeddable":true,"href":"https:\/\/archive.sana.sy\/tr\/index.php?rest_route=%2Fwp%2Fv2%2Fcategories&post=7660"},{"taxonomy":"post_tag","embeddable":true,"href":"https:\/\/archive.sana.sy\/tr\/index.php?rest_route=%2Fwp%2Fv2%2Ftags&post=7660"}],"curies":[{"name":"wp","href":"https:\/\/api.w.org\/{rel}","templated":true}]}}