{"id":76628,"date":"2016-06-15T10:31:12","date_gmt":"2016-06-15T07:31:12","guid":{"rendered":"http:\/\/www.sana.sy\/tr\/?p=76628"},"modified":"2016-06-17T14:28:03","modified_gmt":"2016-06-17T11:28:03","slug":"tel-kelahta-temyiz-odasi-kuruluyor","status":"publish","type":"post","link":"https:\/\/archive.sana.sy\/tr\/?p=76628","title":{"rendered":"Tel Kelah\u2019ta Temyiz Odas\u0131 Kuruluyor"},"content":{"rendered":"<p>\u015eAM \u2013 Cumhurba\u015fkan\u0131 Be\u015f\u015far el Esad bug\u00fcn Homs k\u0131rsal\u0131n\u0131n Tel Kelah B\u00f6lgesinde Temyiz Odas\u0131n\u0131n kurulmas\u0131n\u0131 \u00f6ng\u00f6ren 2016\/175 say\u0131l\u0131 kararnameyi onaylad\u0131.<\/p>\n<p>Kararname gere\u011fince s\u00f6z konusu temyiz odas\u0131n\u0131n personelleri Homs Valili\u011fi personellerinden atanacak.<\/p>\n","protected":false},"excerpt":{"rendered":"<p>\u015eAM \u2013 Cumhurba\u015fkan\u0131 Be\u015f\u015far el Esad bug\u00fcn Homs k\u0131rsal\u0131n\u0131n Tel Kelah B\u00f6lgesinde Temyiz Odas\u0131n\u0131n kurulmas\u0131n\u0131 \u00f6ng\u00f6ren 2016\/175 say\u0131l\u0131 kararnameyi onaylad\u0131. Kararname gere\u011fince s\u00f6z konusu temyiz odas\u0131n\u0131n personelleri Homs Valili\u011fi personellerinden atanacak.<\/p>\n","protected":false},"author":1,"featured_media":56583,"comment_status":"closed","ping_status":"closed","sticky":false,"template":"","format":"standard","meta":{"footnotes":""},"categories":[479,605,17988,612,599,478],"tags":[21790],"class_list":["post-76628","post","type-post","status-publish","format-standard","has-post-thumbnail","","category-haberler-yerel","category-sayin-cumhurbaskani","category-son-haberler","category-yasama-kararnameler","category-yasama-ve-kanunlar","category-yerel","tag-tel-kelahta-temyiz-odasi-kuruluyor"],"_links":{"self":[{"href":"https:\/\/archive.sana.sy\/tr\/index.php?rest_route=\/wp\/v2\/posts\/76628","targetHints":{"allow":["GET"]}}],"collection":[{"href":"https:\/\/archive.sana.sy\/tr\/index.php?rest_route=\/wp\/v2\/posts"}],"about":[{"href":"https:\/\/archive.sana.sy\/tr\/index.php?rest_route=\/wp\/v2\/types\/post"}],"author":[{"embeddable":true,"href":"https:\/\/archive.sana.sy\/tr\/index.php?rest_route=\/wp\/v2\/users\/1"}],"replies":[{"embeddable":true,"href":"https:\/\/archive.sana.sy\/tr\/index.php?rest_route=%2Fwp%2Fv2%2Fcomments&post=76628"}],"version-history":[{"count":0,"href":"https:\/\/archive.sana.sy\/tr\/index.php?rest_route=\/wp\/v2\/posts\/76628\/revisions"}],"wp:featuredmedia":[{"embeddable":true,"href":"https:\/\/archive.sana.sy\/tr\/index.php?rest_route=\/wp\/v2\/media\/56583"}],"wp:attachment":[{"href":"https:\/\/archive.sana.sy\/tr\/index.php?rest_route=%2Fwp%2Fv2%2Fmedia&parent=76628"}],"wp:term":[{"taxonomy":"category","embeddable":true,"href":"https:\/\/archive.sana.sy\/tr\/index.php?rest_route=%2Fwp%2Fv2%2Fcategories&post=76628"},{"taxonomy":"post_tag","embeddable":true,"href":"https:\/\/archive.sana.sy\/tr\/index.php?rest_route=%2Fwp%2Fv2%2Ftags&post=76628"}],"curies":[{"name":"wp","href":"https:\/\/api.w.org\/{rel}","templated":true}]}}