{"id":7663,"date":"2014-08-19T09:45:14","date_gmt":"2014-08-19T06:45:14","guid":{"rendered":"http:\/\/www.sana.sy\/tr\/?p=7663"},"modified":"2014-08-19T09:45:14","modified_gmt":"2014-08-19T06:45:14","slug":"insani-yardimlarin-sunulmasina-karsilik-siyasi-etkilerin-azaltilmasi-gerekiyor","status":"publish","type":"post","link":"https:\/\/archive.sana.sy\/tr\/?p=7663","title":{"rendered":"\u0130nsani Yard\u0131mlar\u0131n Sunulmas\u0131na Kar\u015f\u0131l\u0131k Siyasi Etkilerin Azalt\u0131lmas\u0131 Gerekiyor"},"content":{"rendered":"<p>TAHRAN \u2013 Arap ve Afrika i\u015flerinden sorumlu \u0130ran D\u0131\u015fi\u015fleri Bakan\u0131 Yard\u0131mc\u0131s\u0131 H\u00fcseyin Emir Abdullehyan, G\u00fcvenlik Konseyinin s\u00f6zde \u201cIrak ve \u015eam Devleti\u201d adl\u0131 ter\u00f6r \u00f6rg\u00fct\u00fcn\u00fcn silahlanmas\u0131 ve finanse edilmesini men eden karar\u0131n\u0131 \u00fcstlenmesinin, Suriye ve Irak\u2019ta ter\u00f6r eylemleri neticesinde g\u00f6\u00e7 eden insanlara yard\u0131m sunmay\u0131 kolayla\u015ft\u0131raca\u011f\u0131n\u0131 belirtti.<\/p>\n<p>Abdullehyan Tahran\u2019\u0131 ziyaret etmekte olan Birle\u015fmi\u015f Milletler (BM) \u0130nsani \u0130\u015flerden Sorumlu Genel Sekreter Yard\u0131mc\u0131s\u0131 Valerie Amos ile g\u00f6r\u00fc\u015fmesinde, insani yard\u0131mlar\u0131n sunulmas\u0131 i\u00e7in harcanan \u00e7abalara etki eden siyasi etkileri en aza d\u00fc\u015f\u00fcrmeye \u00e7a\u011fr\u0131 yapt\u0131.<\/p>\n<p>Abdullehyan, BM\u2019nin Gazze\u2019de kendisine ba\u011fl\u0131 merkezlere kar\u015f\u0131 Siyonist \u00e7i\u011fnemelere sert bir tav\u0131r almas\u0131n\u0131 talep ederek, \u0130ran\u2019\u0131n hastanelerinde tedavi etmek \u00fczere Filistinli yaral\u0131lar\u0131 Kabul etmek ve Gazze ahalisine sa\u011fl\u0131k ve insani yard\u0131mlar sunmak i\u00e7in \u00fclkesinin haz\u0131r oldu\u011funu vurgulad\u0131.<\/p>\n<p>Kendi y\u00f6n\u00fcnden Amos, Suriye, Irak ve Gazze\u2019de insani yard\u0131mlar\u0131n sunulmas\u0131 y\u00f6n\u00fcndeki \u00e7abalar\u0131n\u0131 s\u00fcrd\u00fcrd\u00fc\u011f\u00fcn\u00fc belirterek:\u201dBizler siyasi etkilerden uzak bir \u015fekilde Suriye halk\u0131na insani yard\u0131mlar sunmaya gayret g\u00f6steriyoruz\u201d dedi.<\/p>\n<p>Amos iki g\u00fcn \u00f6nce \u0130ran D\u0131\u015fi\u015fleri Bakan\u0131 Muhammed Cevat Zarif ile g\u00f6r\u00fc\u015fmesi ard\u0131ndan yapt\u0131\u011f\u0131 bas\u0131n a\u00e7\u0131klamas\u0131nda, a\u015f\u0131r\u0131 dinci ter\u00f6r \u00f6rg\u00fctlerinin b\u00f6lgede insan haklar\u0131na y\u00f6nelik \u00e7ok say\u0131da ihlaller i\u015flendi\u011fini vurgulad\u0131.<\/p>\n","protected":false},"excerpt":{"rendered":"<p>TAHRAN \u2013 Arap ve Afrika i\u015flerinden sorumlu \u0130ran D\u0131\u015fi\u015fleri Bakan\u0131 Yard\u0131mc\u0131s\u0131 H\u00fcseyin Emir Abdullehyan, G\u00fcvenlik Konseyinin s\u00f6zde \u201cIrak ve \u015eam Devleti\u201d adl\u0131 ter\u00f6r \u00f6rg\u00fct\u00fcn\u00fcn silahlanmas\u0131 ve finanse edilmesini men eden karar\u0131n\u0131 \u00fcstlenmesinin, Suriye ve Irak\u2019ta ter\u00f6r eylemleri neticesinde g\u00f6\u00e7 eden insanlara yard\u0131m sunmay\u0131 kolayla\u015ft\u0131raca\u011f\u0131n\u0131 belirtti. Abdullehyan Tahran\u2019\u0131 ziyaret etmekte olan Birle\u015fmi\u015f Milletler (BM) \u0130nsani \u0130\u015flerden &hellip;<\/p>\n","protected":false},"author":1,"featured_media":7665,"comment_status":"closed","ping_status":"closed","sticky":false,"template":"","format":"standard","meta":{"footnotes":""},"categories":[458,459,447],"tags":[1708],"class_list":["post-7663","post","type-post","status-publish","format-standard","has-post-thumbnail","","category-dunya1","category-haberler-arap-uluslararasi-politika","category-politika","tag-insani-yardimlarin-sunulmasina-karsilik-siyasi-etkilerin-azaltilmasi-gerekiyor"],"_links":{"self":[{"href":"https:\/\/archive.sana.sy\/tr\/index.php?rest_route=\/wp\/v2\/posts\/7663","targetHints":{"allow":["GET"]}}],"collection":[{"href":"https:\/\/archive.sana.sy\/tr\/index.php?rest_route=\/wp\/v2\/posts"}],"about":[{"href":"https:\/\/archive.sana.sy\/tr\/index.php?rest_route=\/wp\/v2\/types\/post"}],"author":[{"embeddable":true,"href":"https:\/\/archive.sana.sy\/tr\/index.php?rest_route=\/wp\/v2\/users\/1"}],"replies":[{"embeddable":true,"href":"https:\/\/archive.sana.sy\/tr\/index.php?rest_route=%2Fwp%2Fv2%2Fcomments&post=7663"}],"version-history":[{"count":0,"href":"https:\/\/archive.sana.sy\/tr\/index.php?rest_route=\/wp\/v2\/posts\/7663\/revisions"}],"wp:featuredmedia":[{"embeddable":true,"href":"https:\/\/archive.sana.sy\/tr\/index.php?rest_route=\/wp\/v2\/media\/7665"}],"wp:attachment":[{"href":"https:\/\/archive.sana.sy\/tr\/index.php?rest_route=%2Fwp%2Fv2%2Fmedia&parent=7663"}],"wp:term":[{"taxonomy":"category","embeddable":true,"href":"https:\/\/archive.sana.sy\/tr\/index.php?rest_route=%2Fwp%2Fv2%2Fcategories&post=7663"},{"taxonomy":"post_tag","embeddable":true,"href":"https:\/\/archive.sana.sy\/tr\/index.php?rest_route=%2Fwp%2Fv2%2Ftags&post=7663"}],"curies":[{"name":"wp","href":"https:\/\/api.w.org\/{rel}","templated":true}]}}