{"id":7667,"date":"2014-08-19T10:07:57","date_gmt":"2014-08-19T07:07:57","guid":{"rendered":"http:\/\/www.sana.sy\/tr\/?p=7667"},"modified":"2014-08-19T23:09:31","modified_gmt":"2014-08-19T20:09:31","slug":"teroristlerden-tek-aileden-3-sehidin-dustugu-bir-katliam-daha","status":"publish","type":"post","link":"https:\/\/archive.sana.sy\/tr\/?p=7667","title":{"rendered":"Ter\u00f6ristlerden Tek Aileden 3 \u015eehidin D\u00fc\u015ft\u00fc\u011f\u00fc Bir Katliam Daha"},"content":{"rendered":"<p>HAMA \u2013 Silahl\u0131 ter\u00f6r \u00f6rg\u00fctlerinden ter\u00f6ristler bu sabah Hama Selemiye k\u0131rsal\u0131na ba\u011fl\u0131 Kubeybat K\u00f6y\u00fcnde bir katliam i\u015fledi.<\/p>\n<p>Katliamda tek aileden 3 \u015fehit d\u00fc\u015ft\u00fc.<\/p>\n<p>Hama \u0130l Emniyet M\u00fcd\u00fcrl\u00fc\u011f\u00fc kayna\u011f\u0131 SANA muhabirine a\u00e7\u0131klamas\u0131nda, ter\u00f6ristlerin d\u00fcn gece yar\u0131s\u0131ndan sonra K\u00f6y \u00e7evresindeki vatanda\u015flar\u0131n evlerine s\u0131zd\u0131klar\u0131n\u0131 sivilleri hedef alarak bir aileden baba, anne ve k\u0131zlar\u0131n\u0131 \u015fehit ettiler.<\/p>\n<p>Kaynak, ordu birliklerimizin K\u00f6y ahalisi yard\u0131mlar\u0131yla ter\u00f6ristlerle \u00e7at\u0131\u015ft\u0131klar\u0131n\u0131 ve ter\u00f6ristlerin gerilemeleri ve k\u00f6yden \u00e7\u0131kmalar\u0131na mecbur ettiklerini s\u00f6yledi.<\/p>\n<p>Kubeybat K\u00f6y\u00fc, Hama kuzey k\u0131rsal\u0131 Selemiye k\u0131rsal\u0131n\u0131n Tel Abdulaziz ve Sabbura Beldeleri aras\u0131nda bulunuyor.<\/p>\n<p>&nbsp;<\/p>\n","protected":false},"excerpt":{"rendered":"<p>HAMA \u2013 Silahl\u0131 ter\u00f6r \u00f6rg\u00fctlerinden ter\u00f6ristler bu sabah Hama Selemiye k\u0131rsal\u0131na ba\u011fl\u0131 Kubeybat K\u00f6y\u00fcnde bir katliam i\u015fledi. Katliamda tek aileden 3 \u015fehit d\u00fc\u015ft\u00fc. Hama \u0130l Emniyet M\u00fcd\u00fcrl\u00fc\u011f\u00fc kayna\u011f\u0131 SANA muhabirine a\u00e7\u0131klamas\u0131nda, ter\u00f6ristlerin d\u00fcn gece yar\u0131s\u0131ndan sonra K\u00f6y \u00e7evresindeki vatanda\u015flar\u0131n evlerine s\u0131zd\u0131klar\u0131n\u0131 sivilleri hedef alarak bir aileden baba, anne ve k\u0131zlar\u0131n\u0131 \u015fehit ettiler. Kaynak, ordu birliklerimizin &hellip;<\/p>\n","protected":false},"author":1,"featured_media":7698,"comment_status":"closed","ping_status":"closed","sticky":false,"template":"","format":"standard","meta":{"footnotes":""},"categories":[575],"tags":[1709],"class_list":["post-7667","post","type-post","status-publish","format-standard","has-post-thumbnail","","category-olaylar-ve-gercekler","tag-teroristlerden-tek-aileden-3-sehidin-dustugu-bir-katliam-daha"],"_links":{"self":[{"href":"https:\/\/archive.sana.sy\/tr\/index.php?rest_route=\/wp\/v2\/posts\/7667","targetHints":{"allow":["GET"]}}],"collection":[{"href":"https:\/\/archive.sana.sy\/tr\/index.php?rest_route=\/wp\/v2\/posts"}],"about":[{"href":"https:\/\/archive.sana.sy\/tr\/index.php?rest_route=\/wp\/v2\/types\/post"}],"author":[{"embeddable":true,"href":"https:\/\/archive.sana.sy\/tr\/index.php?rest_route=\/wp\/v2\/users\/1"}],"replies":[{"embeddable":true,"href":"https:\/\/archive.sana.sy\/tr\/index.php?rest_route=%2Fwp%2Fv2%2Fcomments&post=7667"}],"version-history":[{"count":0,"href":"https:\/\/archive.sana.sy\/tr\/index.php?rest_route=\/wp\/v2\/posts\/7667\/revisions"}],"wp:featuredmedia":[{"embeddable":true,"href":"https:\/\/archive.sana.sy\/tr\/index.php?rest_route=\/wp\/v2\/media\/7698"}],"wp:attachment":[{"href":"https:\/\/archive.sana.sy\/tr\/index.php?rest_route=%2Fwp%2Fv2%2Fmedia&parent=7667"}],"wp:term":[{"taxonomy":"category","embeddable":true,"href":"https:\/\/archive.sana.sy\/tr\/index.php?rest_route=%2Fwp%2Fv2%2Fcategories&post=7667"},{"taxonomy":"post_tag","embeddable":true,"href":"https:\/\/archive.sana.sy\/tr\/index.php?rest_route=%2Fwp%2Fv2%2Ftags&post=7667"}],"curies":[{"name":"wp","href":"https:\/\/api.w.org\/{rel}","templated":true}]}}