{"id":7670,"date":"2014-08-19T11:24:52","date_gmt":"2014-08-19T08:24:52","guid":{"rendered":"http:\/\/www.sana.sy\/tr\/?p=7670"},"modified":"2014-08-19T11:24:52","modified_gmt":"2014-08-19T08:24:52","slug":"hama-valilik-kaynagi-sana-muhabirine-teroristlerin-kuzey-kirsalindaki-kamhane-beldesine-havan-mermileriyle-duzenledikleri-teror-saldirisi-sonucunda-biri-cocuk-iki-vatandasin-sehit-dustugunu-belirtti","status":"publish","type":"post","link":"https:\/\/archive.sana.sy\/tr\/?p=7670","title":{"rendered":"Hama Valilik Kayna\u011f\u0131 SANA muhabirine, ter\u00f6ristlerin kuzey k\u0131rsal\u0131ndaki Kamhane Beldesine havan mermileriyle d\u00fczenledikleri ter\u00f6r sald\u0131r\u0131s\u0131 sonucunda biri \u00e7ocuk iki vatanda\u015f\u0131n \u015fehit d\u00fc\u015ft\u00fc\u011f\u00fcn\u00fc belirtti."},"content":{"rendered":"<p>Hama Valilik Kayna\u011f\u0131 SANA muhabirine, ter\u00f6ristlerin kuzey k\u0131rsal\u0131ndaki Kamhane Beldesine havan mermileriyle d\u00fczenledikleri ter\u00f6r sald\u0131r\u0131s\u0131 sonucunda biri \u00e7ocuk iki vatanda\u015f\u0131n \u015fehit d\u00fc\u015ft\u00fc\u011f\u00fcn\u00fc belirtti.<\/p>\n","protected":false},"excerpt":{"rendered":"<p>Hama Valilik Kayna\u011f\u0131 SANA muhabirine, ter\u00f6ristlerin kuzey k\u0131rsal\u0131ndaki Kamhane Beldesine havan mermileriyle d\u00fczenledikleri ter\u00f6r sald\u0131r\u0131s\u0131 sonucunda biri \u00e7ocuk iki vatanda\u015f\u0131n \u015fehit d\u00fc\u015ft\u00fc\u011f\u00fcn\u00fc belirtti.<\/p>\n","protected":false},"author":1,"featured_media":0,"comment_status":"closed","ping_status":"closed","sticky":false,"template":"","format":"standard","meta":{"footnotes":""},"categories":[1],"tags":[1710,1711],"class_list":["post-7670","post","type-post","status-publish","format-standard","","category-news-not-sorted","tag-hama-valilik-kaynagi-sana-muhabirine","tag-teroristlerin-kuzey-kirsalindaki-kamhane-beldesine-havan-mermileriyle-duzenledikleri-teror-saldirisi-sonucunda-biri-cocuk-iki-vatandasin-sehit-dustugunu-belirtti"],"_links":{"self":[{"href":"https:\/\/archive.sana.sy\/tr\/index.php?rest_route=\/wp\/v2\/posts\/7670","targetHints":{"allow":["GET"]}}],"collection":[{"href":"https:\/\/archive.sana.sy\/tr\/index.php?rest_route=\/wp\/v2\/posts"}],"about":[{"href":"https:\/\/archive.sana.sy\/tr\/index.php?rest_route=\/wp\/v2\/types\/post"}],"author":[{"embeddable":true,"href":"https:\/\/archive.sana.sy\/tr\/index.php?rest_route=\/wp\/v2\/users\/1"}],"replies":[{"embeddable":true,"href":"https:\/\/archive.sana.sy\/tr\/index.php?rest_route=%2Fwp%2Fv2%2Fcomments&post=7670"}],"version-history":[{"count":0,"href":"https:\/\/archive.sana.sy\/tr\/index.php?rest_route=\/wp\/v2\/posts\/7670\/revisions"}],"wp:attachment":[{"href":"https:\/\/archive.sana.sy\/tr\/index.php?rest_route=%2Fwp%2Fv2%2Fmedia&parent=7670"}],"wp:term":[{"taxonomy":"category","embeddable":true,"href":"https:\/\/archive.sana.sy\/tr\/index.php?rest_route=%2Fwp%2Fv2%2Fcategories&post=7670"},{"taxonomy":"post_tag","embeddable":true,"href":"https:\/\/archive.sana.sy\/tr\/index.php?rest_route=%2Fwp%2Fv2%2Ftags&post=7670"}],"curies":[{"name":"wp","href":"https:\/\/api.w.org\/{rel}","templated":true}]}}