{"id":7672,"date":"2014-08-19T11:53:03","date_gmt":"2014-08-19T08:53:03","guid":{"rendered":"http:\/\/www.sana.sy\/tr\/?p=7672"},"modified":"2014-08-19T11:53:03","modified_gmt":"2014-08-19T08:53:03","slug":"suriye-bolgesel-ve-uluslararasi-ulkelerin-yonettigi-teror-orgutlerinin-de-yuruttugu-savasla-mucadele-ediyor","status":"publish","type":"post","link":"https:\/\/archive.sana.sy\/tr\/?p=7672","title":{"rendered":"Suriye B\u00f6lgesel ve Uluslararas\u0131 \u00dclkelerin Y\u00f6netti\u011fi Ter\u00f6r \u00d6rg\u00fctlerinin de Y\u00fcr\u00fctt\u00fc\u011f\u00fc Sava\u015fla M\u00fccadele Ediyor"},"content":{"rendered":"<p>\u015eAM \u2013 Ge\u00e7ici H\u00fck\u00fcmette \u0130\u00e7i\u015fleri Bakan\u0131 Muhammed el \u015eaar Hindistan D\u0131\u015fi\u015fleri Bakan\u0131 Yard\u0131mc\u0131s\u0131 S.K. Sinha ile, ikili ili\u015fkiler ve iki dost \u00fclkenin \u00e7\u0131karlar\u0131na hizmet edecek \u015fekilde ili\u015fkilerin geli\u015ftirilmesi yolar\u0131n\u0131 ele ald\u0131.<\/p>\n<p>Bakan \u015eaar, devlet ve halk olarak Suriye\u2019nin elemanlar\u0131n\u0131n 83 \u00fclkeden oldu\u011fu ter\u00f6r \u00f6rg\u00fctlerinin y\u00fcr\u00fctt\u00fc\u011f\u00fc, ba\u015fta Suriye halk\u0131 olmak \u00fczere b\u00f6lge halklar\u0131n\u0131 par\u00e7alamak amac\u0131yla b\u00f6lgesel, Arap ve yabanc\u0131 \u00fclkelerin y\u00f6netti\u011fi bir sava\u015fla kar\u015f\u0131 kar\u015f\u0131ya oldu\u011funu s\u00f6yledi.<\/p>\n<p>\u0130\u00e7i\u015fleri Bakan\u0131, Suriye\u2019nin b\u00fct\u00fcn uluslararas\u0131 platformlarda ter\u00f6r \u00f6rg\u00fctlerinin yapt\u0131klar\u0131n\u0131n Suriye halk\u0131n\u0131n birli\u011fini hedef alan, Suriye halk\u0131na d\u0131\u015f dayatmalar empoze etmek i\u00e7in \u0130srail, Amerika ve b\u00f6lgedeki ortaklar\u0131n\u0131n \u00e7\u0131kar\u0131na akan ger\u00e7ek ter\u00f6r oldu\u011funu a\u00e7\u0131klad\u0131\u011f\u0131na dikkat \u00e7ekti.<\/p>\n<p>Hindistan\u2019\u0131n uluslararas\u0131 platformlarda Suriye\u2019nin maruz kald\u0131klar\u0131na y\u00f6nelik ter\u00f6r sorunlar\u0131yla ilgili tutumunu hat\u0131rlatarak, ter\u00f6rle m\u00fccadelede iki \u00fclke aras\u0131ndaki i\u015fbirli\u011fi \u00f6nemine i\u015faret etti.<\/p>\n<p>Kendi y\u00f6n\u00fcnden Sinha, Suriye krizinin siyasi ve bar\u0131\u015f\u00e7\u0131l yollarla \u00e7\u00f6z\u00fcm\u00fcn\u00fc destekledi\u011fini belirterek, iki \u00fclkenin ter\u00f6rle m\u00fccadele dahil uluslararas\u0131 bir \u00e7ok davada ortak g\u00f6r\u00fc\u015fe sahip olduklar\u0131n\u0131 a\u00e7\u0131klad\u0131.<\/p>\n<p>Sinha, kendilerini endi\u015felendirenin Hindistan ve uzak Asya\u2019dan baz\u0131 \u015fah\u0131slar\u0131n s\u00f6zde Irak ve \u015eam Devleti adl\u0131 ter\u00f6r \u00f6rg\u00fct\u00fcne kat\u0131lmalar\u0131 oldu\u011funu belirterek, s\u00f6z konusu \u015fah\u0131slar\u0131n Hindistan\u2019a d\u00f6n\u00fc\u015flerinde olu\u015fturacaklar\u0131 tehlikeye dikkat \u00e7ekti.<\/p>\n","protected":false},"excerpt":{"rendered":"<p>\u015eAM \u2013 Ge\u00e7ici H\u00fck\u00fcmette \u0130\u00e7i\u015fleri Bakan\u0131 Muhammed el \u015eaar Hindistan D\u0131\u015fi\u015fleri Bakan\u0131 Yard\u0131mc\u0131s\u0131 S.K. Sinha ile, ikili ili\u015fkiler ve iki dost \u00fclkenin \u00e7\u0131karlar\u0131na hizmet edecek \u015fekilde ili\u015fkilerin geli\u015ftirilmesi yolar\u0131n\u0131 ele ald\u0131. Bakan \u015eaar, devlet ve halk olarak Suriye\u2019nin elemanlar\u0131n\u0131n 83 \u00fclkeden oldu\u011fu ter\u00f6r \u00f6rg\u00fctlerinin y\u00fcr\u00fctt\u00fc\u011f\u00fc, ba\u015fta Suriye halk\u0131 olmak \u00fczere b\u00f6lge halklar\u0131n\u0131 par\u00e7alamak amac\u0131yla b\u00f6lgesel, &hellip;<\/p>\n","protected":false},"author":1,"featured_media":7673,"comment_status":"closed","ping_status":"closed","sticky":false,"template":"","format":"standard","meta":{"footnotes":""},"categories":[479,447,478],"tags":[1712],"class_list":["post-7672","post","type-post","status-publish","format-standard","has-post-thumbnail","","category-haberler-yerel","category-politika","category-yerel","tag-suriye-bolgesel-ve-uluslararasi-ulkelerin-yonettigi-teror-orgutlerinin-de-yuruttugu-savasla-mucadele-ediyor"],"_links":{"self":[{"href":"https:\/\/archive.sana.sy\/tr\/index.php?rest_route=\/wp\/v2\/posts\/7672","targetHints":{"allow":["GET"]}}],"collection":[{"href":"https:\/\/archive.sana.sy\/tr\/index.php?rest_route=\/wp\/v2\/posts"}],"about":[{"href":"https:\/\/archive.sana.sy\/tr\/index.php?rest_route=\/wp\/v2\/types\/post"}],"author":[{"embeddable":true,"href":"https:\/\/archive.sana.sy\/tr\/index.php?rest_route=\/wp\/v2\/users\/1"}],"replies":[{"embeddable":true,"href":"https:\/\/archive.sana.sy\/tr\/index.php?rest_route=%2Fwp%2Fv2%2Fcomments&post=7672"}],"version-history":[{"count":0,"href":"https:\/\/archive.sana.sy\/tr\/index.php?rest_route=\/wp\/v2\/posts\/7672\/revisions"}],"wp:featuredmedia":[{"embeddable":true,"href":"https:\/\/archive.sana.sy\/tr\/index.php?rest_route=\/wp\/v2\/media\/7673"}],"wp:attachment":[{"href":"https:\/\/archive.sana.sy\/tr\/index.php?rest_route=%2Fwp%2Fv2%2Fmedia&parent=7672"}],"wp:term":[{"taxonomy":"category","embeddable":true,"href":"https:\/\/archive.sana.sy\/tr\/index.php?rest_route=%2Fwp%2Fv2%2Fcategories&post=7672"},{"taxonomy":"post_tag","embeddable":true,"href":"https:\/\/archive.sana.sy\/tr\/index.php?rest_route=%2Fwp%2Fv2%2Ftags&post=7672"}],"curies":[{"name":"wp","href":"https:\/\/api.w.org\/{rel}","templated":true}]}}