{"id":7678,"date":"2014-08-19T12:35:35","date_gmt":"2014-08-19T09:35:35","guid":{"rendered":"http:\/\/www.sana.sy\/tr\/?p=7678"},"modified":"2014-08-19T14:13:42","modified_gmt":"2014-08-19T11:13:42","slug":"teroristler-sivilleri-hedef-almaya-devam-ediyor-7-yarali","status":"publish","type":"post","link":"https:\/\/archive.sana.sy\/tr\/?p=7678","title":{"rendered":"Ter\u00f6ristler Sivilleri Havan Mermileriyle Hedef Ald\u0131.. Biri \u00c7ocuk 2 \u015eehit, 18 Yaral\u0131"},"content":{"rendered":"<p>\u0130LLER\u2013 Ter\u00f6ristlerin Hama kuzey k\u0131rsal\u0131 Kamhane Beldesine d\u00fczenledikleri havan sald\u0131r\u0131s\u0131 sonucunda biri \u00e7ocuk 2 vatanda\u015f \u015fehit d\u00fc\u015ft\u00fc aralar\u0131nda \u00e7ocuklar\u0131n bulundu\u011fu 18 ki\u015fi de yaraland\u0131.<\/p>\n<p>Hama \u0130l Emniyet M\u00fcd\u00fcrl\u00fc\u011f\u00fc kayna\u011f\u0131 SANA muhabirine a\u00e7\u0131klamas\u0131nda, ter\u00f6ristlerin kuzey k\u0131rsal\u0131ndaki Kamhane Beldesine havan mermileriyle sald\u0131rmalar\u0131 sonucunda biri \u00e7ocuk iki vatanda\u015f\u0131n \u015fehit d\u00fc\u015ft\u00fc\u011f\u00fcn\u00fc aralar\u0131nda 5 \u00e7ocu\u011fun bulundu\u011fu 18 ki\u015finin de yaraland\u0131\u011f\u0131n\u0131, yaral\u0131lar\u0131n tedavi edilmek \u00fczere Hama Devlet Hastanesine kald\u0131r\u0131ld\u0131klar\u0131n\u0131 belirtti.<\/p>\n<p>Kaynak, ter\u00f6ristlerin havan mermileriyle d\u00fczenledikleri ter\u00f6r sald\u0131r\u0131s\u0131nda vatanda\u015flar\u0131n m\u00fclk ve evlerinde maddi zararlara yol a\u00e7t\u0131\u011f\u0131n\u0131 s\u00f6yledi.<\/p>\n<p><span style=\"color: #0000ff\">Ter\u00f6ristler Yermuk Kamp\u0131n\u0131 Havan Mermileriyle Hedef Ald\u0131.. Hasarlar Maddiyatta Kald\u0131<\/span><\/p>\n<p>Ter\u00f6ristlerin bug\u00fcn \u015eam\u2019\u0131n g\u00fcneyindeki Filistinli m\u00fcltecilerin ya\u015fad\u0131\u011f\u0131 Yermuk Kamp\u0131n\u0131 havan mermileriyle hedef ald\u0131. Olayda \u00f6l\u00fc ve yaral\u0131 bulunmazken olay yerinde maddi hasarlar meydana geldi.<\/p>\n<p>\u0130l Emniyet M\u00fcd\u00fcrl\u00fc\u011f\u00fc kayna\u011f\u0131 SANA muhabirine a\u00e7\u0131klamas\u0131nda, ter\u00f6ristlerin f\u0131rlatt\u0131\u011f\u0131 havan mermilerinin Yermuk Kamp\u0131 giri\u015findeki Battiha Bulvar\u0131 ve Filistin Caddesi el Saadet Salonu yak\u0131nlar\u0131na 3 havan mermisinin d\u00fc\u015fmesi sonucunda olay yerinde maddi hasarlara yol a\u00e7t\u0131\u011f\u0131n\u0131 sald\u0131r\u0131 sonucunda \u00f6len ya da yaralanan kimsenin bulunmad\u0131\u011f\u0131n\u0131 ifade etti.<\/p>\n<p>&nbsp;<\/p>\n<p><span style=\"color: #0000ff\">Ter\u00f6ristler Sivilleri Hedef Almaya Devam Ediyor.. 7 Yaral\u0131<\/span><\/p>\n<p>Hain ve gaddar ter\u00f6ristlerin d\u00fcn K\u0131z\u0131lay Hastanesi \u00e7evresi, el Afif, Abu Rummana, ve Berze Semtlerine y\u00f6nelik d\u00fczenledikleri havan sald\u0131r\u0131lar\u0131 sonucunda 7 vatanda\u015f yaraland\u0131.<\/p>\n<p>\u0130l Emniyet M\u00fcd\u00fcrl\u00fc\u011f\u00fc kayna\u011f\u0131 SANA muhabirine a\u00e7\u0131klamas\u0131nda, bir havan mermisinin K\u0131z\u0131lay Hastanesi \u00e7evresine d\u00fc\u015fmesi sonucunda 1 kad\u0131n ile 10 ya\u015f\u0131nda 1 \u00e7ocu\u011fun yaraland\u0131\u011f\u0131n\u0131, 1 bina ile 10 ara\u00e7ta maddi hasarlara yol a\u00e7t\u0131\u011f\u0131n\u0131 s\u00f6yledi.<\/p>\n<p>Kaynak, Berze Beled\u2019te 3, Berze kav\u015fa\u011f\u0131nda da 1 havan mermisinin d\u00fc\u015ft\u00fc\u011f\u00fcn\u00fc, sonucunda 1 vatanda\u015f\u0131n yaraland\u0131\u011f\u0131n\u0131 baz\u0131 ara\u00e7larda da maddi hasarlar\u0131n olu\u015ftu\u011funu ifade etti.<\/p>\n<p>Kaynak, el Afif semtine d\u00fc\u015fen havan mermileri \u015farapnelleriyle 4 vatanda\u015f\u0131n yaraland\u0131\u011f\u0131n\u0131 baz\u0131 evlerde de maddi hasarlar\u0131n meydana geldi\u011fini, Abu Rummana Semtindeki el Hasan Camii yak\u0131nlar\u0131na d\u00fc\u015fen bir ba\u015fka mermi sonucunda da olay yerinde maddi hasarlara yol a\u00e7t\u0131\u011f\u0131n\u0131 s\u00f6yledi.<\/p>\n<p><span style=\"color: #0000ff\">Kutayfa Kentine At\u0131lan Havan Mermileri Baz\u0131 Evlerede Maddi Hasarlara Yol A\u00e7t\u0131<\/span><\/p>\n<p>Ter\u00f6ristlerin \u015eam K\u0131rsal\u0131 Kutayfa kentine f\u0131rlatt\u0131klar\u0131 havan mermileri sonucunda baz\u0131 evlerde maddi hasarlar\u0131n meydana gelmesine yol a\u00e7t\u0131.<\/p>\n<p>\u015eam K\u0131rsal\u0131 \u0130l Emniyet M\u00fcd\u00fcrl\u00fc\u011f\u00fc kayna\u011f\u0131, ter\u00f6ristlerin f\u0131rlatt\u0131\u011f\u0131 havan mermilerinin kentte baz\u0131 evlerde maddi hasarlara yol a\u00e7t\u0131\u011f\u0131n\u0131 s\u00f6yledi.<\/p>\n<p>Ter\u00f6ristler bu ay\u0131n 9\u2019unda kenti havan mermileriyle hedef almalar\u0131 sonucunda 1 anne ile iri 3 di\u011feriyse 13 ya\u015f\u0131ndaki 2 \u00e7ocu\u011funun yaralanmas\u0131na vatanda\u015flar\u0131n m\u00fclklerinde de maddi hasarlara yol a\u00e7m\u0131\u015ft\u0131.<\/p>\n","protected":false},"excerpt":{"rendered":"<p>\u0130LLER\u2013 Ter\u00f6ristlerin Hama kuzey k\u0131rsal\u0131 Kamhane Beldesine d\u00fczenledikleri havan sald\u0131r\u0131s\u0131 sonucunda biri \u00e7ocuk 2 vatanda\u015f \u015fehit d\u00fc\u015ft\u00fc aralar\u0131nda \u00e7ocuklar\u0131n bulundu\u011fu 18 ki\u015fi de yaraland\u0131. Hama \u0130l Emniyet M\u00fcd\u00fcrl\u00fc\u011f\u00fc kayna\u011f\u0131 SANA muhabirine a\u00e7\u0131klamas\u0131nda, ter\u00f6ristlerin kuzey k\u0131rsal\u0131ndaki Kamhane Beldesine havan mermileriyle sald\u0131rmalar\u0131 sonucunda biri \u00e7ocuk iki vatanda\u015f\u0131n \u015fehit d\u00fc\u015ft\u00fc\u011f\u00fcn\u00fc aralar\u0131nda 5 \u00e7ocu\u011fun bulundu\u011fu 18 ki\u015finin de yaraland\u0131\u011f\u0131n\u0131, &hellip;<\/p>\n","protected":false},"author":1,"featured_media":7679,"comment_status":"closed","ping_status":"closed","sticky":false,"template":"","format":"standard","meta":{"footnotes":""},"categories":[575],"tags":[1718,1717],"class_list":["post-7678","post","type-post","status-publish","format-standard","has-post-thumbnail","","category-olaylar-ve-gercekler","tag-18-yarali","tag-teroristler-sivilleri-havan-mermileriyle-hedef-aldi-biri-cocuk-2-sehit"],"_links":{"self":[{"href":"https:\/\/archive.sana.sy\/tr\/index.php?rest_route=\/wp\/v2\/posts\/7678","targetHints":{"allow":["GET"]}}],"collection":[{"href":"https:\/\/archive.sana.sy\/tr\/index.php?rest_route=\/wp\/v2\/posts"}],"about":[{"href":"https:\/\/archive.sana.sy\/tr\/index.php?rest_route=\/wp\/v2\/types\/post"}],"author":[{"embeddable":true,"href":"https:\/\/archive.sana.sy\/tr\/index.php?rest_route=\/wp\/v2\/users\/1"}],"replies":[{"embeddable":true,"href":"https:\/\/archive.sana.sy\/tr\/index.php?rest_route=%2Fwp%2Fv2%2Fcomments&post=7678"}],"version-history":[{"count":0,"href":"https:\/\/archive.sana.sy\/tr\/index.php?rest_route=\/wp\/v2\/posts\/7678\/revisions"}],"wp:featuredmedia":[{"embeddable":true,"href":"https:\/\/archive.sana.sy\/tr\/index.php?rest_route=\/wp\/v2\/media\/7679"}],"wp:attachment":[{"href":"https:\/\/archive.sana.sy\/tr\/index.php?rest_route=%2Fwp%2Fv2%2Fmedia&parent=7678"}],"wp:term":[{"taxonomy":"category","embeddable":true,"href":"https:\/\/archive.sana.sy\/tr\/index.php?rest_route=%2Fwp%2Fv2%2Fcategories&post=7678"},{"taxonomy":"post_tag","embeddable":true,"href":"https:\/\/archive.sana.sy\/tr\/index.php?rest_route=%2Fwp%2Fv2%2Ftags&post=7678"}],"curies":[{"name":"wp","href":"https:\/\/api.w.org\/{rel}","templated":true}]}}