{"id":7681,"date":"2014-08-20T09:38:33","date_gmt":"2014-08-20T06:38:33","guid":{"rendered":"http:\/\/www.sana.sy\/tr\/?p=7681"},"modified":"2014-08-20T12:46:29","modified_gmt":"2014-08-20T09:46:29","slug":"teroristlerin-guvenli-bolgelere-sizmalari-cokertiliyor","status":"publish","type":"post","link":"https:\/\/archive.sana.sy\/tr\/?p=7681","title":{"rendered":"\u00c7okuluslu Ter\u00f6r \u00d6rg\u00fctlerinin Say\u0131 ve Te\u00e7hizatlar\u0131yla A\u011f\u0131r Kay\u0131plar\u0131 Devam Ediyor"},"content":{"rendered":"<p>\u0130LLER &#8211; Yurdun muhtelif b\u00f6lgelerinde \u00e7okuluslu ter\u00f6r \u00e7etelerine y\u00f6nelik operasyonlar\u0131n\u0131 ba\u015far\u0131yla s\u00fcrd\u00fcren ordu birliklerimiz tekfirci ve hain ter\u00f6ristleri say\u0131 ve te\u00e7hizatlar\u0131yla a\u011f\u0131r kay\u0131plara u\u011fratmaya devam etti.<\/p>\n<p><span style=\"color: #0000ff\">\u015eam K\u0131rsal\u0131nda Yuvalar\u0131yla Etkisiz Hale Getirildiler<\/span><\/p>\n<p>Askeri bir kaynak ordu birliklerimizin \u015eam k\u0131rsal\u0131 Sasaa ve Han el \u015eih b\u00f6lgelerinde tekfirci ve hain ter\u00f6r \u00e7etelere ait bir\u00e7ok yuva ve k\u00fcmelenme yerlerini hedef ald\u0131klar\u0131n\u0131 belirtirken; aralar\u0131nda az\u0131l\u0131lar\u0131n bulundu\u011fu \u00e7ok say\u0131da ter\u00f6risti ara\u00e7 ve silahlar\u0131yla etkisiz hale getirdiklerini aktard\u0131.<\/p>\n<p><span style=\"color: #0000ff\">Halep ve K\u0131rsal\u0131nda Ter\u00f6r Yuvalar\u0131 Hedef Al\u0131nd\u0131<\/span><\/p>\n<p>Ordu ve silahl\u0131 kuvvetlerimize tabi birliklerimiz Halep ve k\u0131rsal\u0131n\u0131n baz\u0131 b\u00f6lgelerinde ter\u00f6ristlerin toplanma merkezleri ve h\u00fccrelerine y\u00f6nelik d\u00fczenledi\u011fi operasyonlar sonucunda \u00e7ok say\u0131da ter\u00f6rist \u00f6l\u00fc ve yaral\u0131 d\u00fc\u015f\u00fcr\u00fcld\u00fc.<\/p>\n<p>Askeri kaynak, birliklerimizin Halep ve k\u0131rsal\u0131n\u0131n \u015eakif, Tellalin, Souran, Mena\u015fir, Handarat, Uveyca, H\u00fcsamiye, Er\u015faf, Tadef, Abla ve Kastal Harami\u2019de ter\u00f6ristlerin toplanma merkezleri ve h\u00fccrelerini hedef ald\u0131klar\u0131n\u0131 bunun sonucunda \u00e7ok say\u0131da ter\u00f6ristin \u00f6l\u00fc ve yaral\u0131 d\u00fc\u015f\u00fcr\u00fcld\u00fc\u011f\u00fcn\u00fc \u00e7ok say\u0131da ara\u00e7lar\u0131n\u0131 da imha ettiklerini s\u00f6yledi.<\/p>\n<p>Kaynak, birliklerimizin Halep k\u0131rsal\u0131 Han el Asel\u2019de ter\u00f6ristlerin baz\u0131lar\u0131 a\u011f\u0131r taramal\u0131 silahlarla donat\u0131lm\u0131\u015f 5 ara\u00e7lar\u0131n\u0131 imha ettiklerini belirtirken; Anadan\u2019da da yine \u00e7ok say\u0131da ara\u00e7lar\u0131n\u0131\u00a0 i\u00e7indeki ter\u00f6ristlerle beraber imha ettikleriniaktard\u0131.<\/p>\n<p><span style=\"color: #0000ff\">Kunaytra K\u0131rsal\u0131nda S\u0131zma Giri\u015fimleri \u00c7\u00f6kertildi<\/span><\/p>\n<p>Askeri kaynak SANA muhabirine a\u00e7\u0131klamas\u0131nda, ordu birliklerimizin Kunaytra k\u0131rsal\u0131 Ayn el Derb K\u00f6y\u00fcnden Kemmune K\u00f6y\u00fcne do\u011fru s\u0131zma giri\u015fimlerini \u00e7\u00f6kerterek \u00e7ok say\u0131da ter\u00f6risti \u00f6l\u00fc ve yaral\u0131 d\u00fc\u015f\u00fcrd\u00fcklerini s\u00f6yledi.<\/p>\n<p><span style=\"color: #0000ff\">Homs K\u0131rsal\u0131nda G\u00fcvenli B\u00f6lgelere S\u0131zma Giri\u015fimleri \u00c7\u00f6kertildi<\/span><\/p>\n<p>Ordu birliklerimiz Homs k\u0131rsal\u0131nda ter\u00f6ristlerin h\u00fccre ve toplanma merkezlerine y\u00f6nelik d\u00fczenledi\u011fi operasyonlarda \u00e7ok say\u0131da ter\u00f6risti \u00f6l\u00fc ve yaral\u0131 d\u00fc\u015f\u00fcrd\u00fc, g\u00fcvenli b\u00f6lgelere s\u0131zma giri\u015fimlerini de \u00e7\u00f6kertti.<\/p>\n<p>Askeri kaynak, ordu birliklerimizin Homs Guta\u2019da M\u00fchendisler Bulvar\u0131 yak\u0131nlar\u0131 ile el Vaar 5. Ve 6. Bloklar\u0131 \u00f6n\u00fcnde \u00e7ok say\u0131da ter\u00f6risti \u00f6l\u00fc ve yaral\u0131 d\u00fc\u015f\u00fcrd\u00fc\u011f\u00fcn\u00fc belirtti.<\/p>\n<p>Kaynak, ordu birliklerimizin Homs do\u011fu k\u0131rsal\u0131 Bergutiye K\u00f6y\u00fc, Um el Ri\u015f K\u00f6y\u00fc Kuzeyi, el Vudeyhi K\u00f6y\u00fc ile Unk el Hava ve Rahum K\u00f6yleri aras\u0131 yan\u0131 s\u0131ra Akrab Beldesi, Hule Belediyesi yak\u0131nlar\u0131 ve Cebburin-Um \u015eer\u015fuh K\u00f6yleri y\u00f6n\u00fcndeki el Gacer K\u00f6y\u00fc yak\u0131nlar\u0131nda ter\u00f6ristlerin saflar\u0131nda a\u011f\u0131r kay\u0131plara yol a\u00e7t\u0131\u011f\u0131n\u0131 ellerindeki silah, te\u00e7hizat ve cephaneleri de imha ettiklerini s\u00f6yledi.<\/p>\n<p>Askeri kaynak ordu ve silahl\u0131 kuvvetlerimize tabi birliklerin Homs k\u0131rsal\u0131 eski el Vaar\u2019dan el Vaar \u00c7iftliklerine, G\u00fcney Ayn H\u00fcseyin K\u00f6y\u00fc ile Kuzey Ayn H\u00fcseyin K\u00f6ylerinden Ayn el Denanir y\u00f6n\u00fcnden Telbise\u2019ye do\u011fru ter\u00f6ristlerin s\u0131zma giri\u015fimlerini \u00e7\u00f6kerterek ter\u00f6ristlerin saflar\u0131nda \u00f6l\u00fc ve yaral\u0131 d\u00fc\u015f\u00fcrd\u00fcklerini belirtti.<\/p>\n<p><span style=\"color: #0000ff\">Dera ve K\u0131rsal\u0131nda \u00c7ok Say\u0131da Ter\u00f6rist \u00d6ld\u00fcr\u00fcld\u00fc<\/span><\/p>\n<p>Ordu birliklerimizin Dera ve k\u0131rsal\u0131na d\u00fc\u015fen Belde ve Semtlerde ter\u00f6ristlerin h\u00fccre ve toplanma merkezlerini hedef almas\u0131 sonucunda \u00e7ok say\u0131da ter\u00f6risti \u00f6l\u00fc ve yaral\u0131 d\u00fc\u015f\u00fcrd\u00fc.<\/p>\n<p>Askeri kaynak, birliklerimizin Dera Beled \u00dcrd\u00fcn Caddesi Bilal el Habe\u015fi Camiinin kuzeyi, Eski Sicne Semti ve Becabice Semtindeki Aslanlar Saray\u0131 Binas\u0131nda ter\u00f6ristlerin h\u00fccrelerini hedef alarak \u00e7ok say\u0131da ter\u00f6risti \u00f6l\u00fc ve yaral\u0131 d\u00fc\u015f\u00fcrd\u00fcklerini belirtti.<\/p>\n<p>Kaynak birliklerimizin Dera k\u0131rsal\u0131 Atman\u2019\u0131n bat\u0131s\u0131ndaki ta\u015f fabrikas\u0131 \u00e7evresi, Kayta-Anhel yolu \u00fczerindeki Gize Beldesi ve Yaduda Beldesindeki Su Deposu yak\u0131nlar\u0131nda \u00e7ok say\u0131da ter\u00f6ristin \u00f6l\u00fc ve yaral\u0131 d\u00fc\u015f\u00fcr\u00fcld\u00fc\u011f\u00fcn\u00fc ifade etti.<\/p>\n<div style=\"width: 618px;\" class=\"wp-video\"><!--[if lt IE 9]><script>document.createElement('video');<\/script><![endif]-->\n<video class=\"wp-video-shortcode\" id=\"video-7681-1\" width=\"618\" height=\"348\" preload=\"metadata\" controls=\"controls\"><source type=\"video\/x-flv\" src=\"http:\/\/www.sana.sy\/tr\/wp-content\/uploads\/2014\/08\/\u0641\u064a\u062f\u064a\u0648-\u0644\u062a\u062f\u0645\u064a\u0631-\u0627\u0648\u0643\u0627\u0631-\u0627\u0644\u0627\u0631\u0647\u0627\u0628\u064a\u064a\u0646-\u0634\u0645\u0627\u0644-\u0628\u0644\u062f\u0629-\u0639\u062a\u0645\u0627\u0646_new.flv?_=1\" \/><a href=\"http:\/\/www.sana.sy\/tr\/wp-content\/uploads\/2014\/08\/\u0641\u064a\u062f\u064a\u0648-\u0644\u062a\u062f\u0645\u064a\u0631-\u0627\u0648\u0643\u0627\u0631-\u0627\u0644\u0627\u0631\u0647\u0627\u0628\u064a\u064a\u0646-\u0634\u0645\u0627\u0644-\u0628\u0644\u062f\u0629-\u0639\u062a\u0645\u0627\u0646_new.flv\">http:\/\/www.sana.sy\/tr\/wp-content\/uploads\/2014\/08\/\u0641\u064a\u062f\u064a\u0648-\u0644\u062a\u062f\u0645\u064a\u0631-\u0627\u0648\u0643\u0627\u0631-\u0627\u0644\u0627\u0631\u0647\u0627\u0628\u064a\u064a\u0646-\u0634\u0645\u0627\u0644-\u0628\u0644\u062f\u0629-\u0639\u062a\u0645\u0627\u0646_new.flv<\/a><\/video><\/div>\n<p>Dera k\u0131rsal\u0131n\u0131n Ateman B\u00f6lgesinde \u00f6nemli ilerlemelerini s\u00fcrd\u00fcren ordu birliklerimiz Ateman Beldesini silah menzili kontrol\u00fcne almalar\u0131yla belde askeri olarak ter\u00f6ristlerin elinden d\u00fc\u015fm\u00fc\u015f oldu.<\/p>\n<p><span style=\"color: #0000ff\">\u0130dlib K\u0131rsal\u0131nda Havaalan\u0131na Sald\u0131r\u0131 Giri\u015fimleri \u00c7\u00f6kertildi<\/span><\/p>\n<p>Vatan koruyucular\u0131 ordu birliklerimiz \u0130dlib k\u0131rsal\u0131nda Ebu el Zuhur Havaliman\u0131na sald\u0131rma giri\u015fiminde bulunan ter\u00f6ristleri a\u011f\u0131r kay\u0131plarla geri p\u00fcsk\u00fcrt\u00fcrken aralar\u0131nda yabanc\u0131lar\u0131n bulundu\u011fu onlarcas\u0131n\u0131 a\u011f\u0131r makineli silahlarla donat\u0131lm\u0131\u015f ara\u00e7lar\u0131yla etkisiz hale getirdi.<\/p>\n<p>Vatan koruyucular\u0131m\u0131z ayr\u0131ca \u0130dlib k\u0131rsal\u0131n\u0131n Kmeynas ve Bra\u011fiyti k\u00f6ylerine ilaveten Naciye, Ayn el Zarka, Hmamat, \u015eeyh \u0130sa k\u00f6y-beldeleri yak\u0131nlar\u0131nda aralar\u0131nda yabanc\u0131lar\u0131n bulundu\u011fu y\u00fcksek say\u0131da ter\u00f6risti a\u011f\u0131r makineli silahlarla donat\u0131lm\u0131\u015f bir\u00e7ok ara\u00e7lar\u0131yla birlikte etkisiz hale getirdi.<\/p>\n<p><span style=\"color: #0000ff\">Deyrezzor\u2019da Yuvalar\u0131 Havaya U\u00e7uruldu<\/span><\/p>\n<p>Vatan koruyucular\u0131m\u0131z Deyrezzor Kentinin Huveyka Semtinde ter\u00f6ristlerin yuva ve karargahlar\u0131n\u0131 imha ederken aralar\u0131nda \u00e7ok say\u0131da yabanc\u0131n\u0131n bulundu\u011fu onlarca ter\u00f6risti bir\u00e7ok ara\u00e7lar\u0131yla birlikte etkisiz hale getirdi.<\/p>\n","protected":false},"excerpt":{"rendered":"<p>\u0130LLER &#8211; Yurdun muhtelif b\u00f6lgelerinde \u00e7okuluslu ter\u00f6r \u00e7etelerine y\u00f6nelik operasyonlar\u0131n\u0131 ba\u015far\u0131yla s\u00fcrd\u00fcren ordu birliklerimiz tekfirci ve hain ter\u00f6ristleri say\u0131 ve te\u00e7hizatlar\u0131yla a\u011f\u0131r kay\u0131plara u\u011fratmaya devam etti. \u015eam K\u0131rsal\u0131nda Yuvalar\u0131yla Etkisiz Hale Getirildiler Askeri bir kaynak ordu birliklerimizin \u015eam k\u0131rsal\u0131 Sasaa ve Han el \u015eih b\u00f6lgelerinde tekfirci ve hain ter\u00f6r \u00e7etelere ait bir\u00e7ok yuva ve k\u00fcmelenme &hellip;<\/p>\n","protected":false},"author":1,"featured_media":7738,"comment_status":"closed","ping_status":"closed","sticky":false,"template":"","format":"standard","meta":{"footnotes":""},"categories":[575],"tags":[1730,1714],"class_list":["post-7681","post","type-post","status-publish","format-standard","has-post-thumbnail","","category-olaylar-ve-gercekler","tag-cokuluslu-teror-orgutlerinin-sayi-ve-techizatlariyla-agir-kayiplari-devam-ediyor","tag-teroristlerin-guvenli-bolgelere-sizmalari-cokertiliyor"],"_links":{"self":[{"href":"https:\/\/archive.sana.sy\/tr\/index.php?rest_route=\/wp\/v2\/posts\/7681","targetHints":{"allow":["GET"]}}],"collection":[{"href":"https:\/\/archive.sana.sy\/tr\/index.php?rest_route=\/wp\/v2\/posts"}],"about":[{"href":"https:\/\/archive.sana.sy\/tr\/index.php?rest_route=\/wp\/v2\/types\/post"}],"author":[{"embeddable":true,"href":"https:\/\/archive.sana.sy\/tr\/index.php?rest_route=\/wp\/v2\/users\/1"}],"replies":[{"embeddable":true,"href":"https:\/\/archive.sana.sy\/tr\/index.php?rest_route=%2Fwp%2Fv2%2Fcomments&post=7681"}],"version-history":[{"count":0,"href":"https:\/\/archive.sana.sy\/tr\/index.php?rest_route=\/wp\/v2\/posts\/7681\/revisions"}],"wp:featuredmedia":[{"embeddable":true,"href":"https:\/\/archive.sana.sy\/tr\/index.php?rest_route=\/wp\/v2\/media\/7738"}],"wp:attachment":[{"href":"https:\/\/archive.sana.sy\/tr\/index.php?rest_route=%2Fwp%2Fv2%2Fmedia&parent=7681"}],"wp:term":[{"taxonomy":"category","embeddable":true,"href":"https:\/\/archive.sana.sy\/tr\/index.php?rest_route=%2Fwp%2Fv2%2Fcategories&post=7681"},{"taxonomy":"post_tag","embeddable":true,"href":"https:\/\/archive.sana.sy\/tr\/index.php?rest_route=%2Fwp%2Fv2%2Ftags&post=7681"}],"curies":[{"name":"wp","href":"https:\/\/api.w.org\/{rel}","templated":true}]}}