{"id":7685,"date":"2014-08-19T12:53:43","date_gmt":"2014-08-19T09:53:43","guid":{"rendered":"http:\/\/www.sana.sy\/tr\/?p=7685"},"modified":"2014-08-19T12:53:43","modified_gmt":"2014-08-19T09:53:43","slug":"suriyedeki-kriz-sadece-siyasi-yollarla-cozulebilir","status":"publish","type":"post","link":"https:\/\/archive.sana.sy\/tr\/?p=7685","title":{"rendered":"Suriye\u2019deki Kriz Sadece Siyasi Yollarla \u00c7\u00f6z\u00fclebilir"},"content":{"rendered":"<p>MOSKOVA \u2013 Rusya D\u0131\u015fi\u015fleri Bakanl\u0131\u011f\u0131 Suriye\u2019deki krizin siyasi yollarla \u00e7\u00f6z\u00fclebilece\u011fini belirtti.<\/p>\n<p>Bakanl\u0131k Rusya Ba\u015fkan\u0131n\u0131n Orta do\u011fu i\u015flerinden sorumlu temsilcisi D\u0131\u015fi\u015fleri Bakan\u0131 Yard\u0131mc\u0131s\u0131 Mihail Bogdanov\u2019un Suriye\u2019nin Kuzey do\u011fusundaki a\u015firet \u015feyhleri konsey heyetiyle d\u00fczenledi\u011fi toplant\u0131yla ilgili yay\u0131nlad\u0131\u011f\u0131 beyanda, g\u00f6r\u00fc\u015fmede Kaideye ba\u011fl\u0131 s\u00f6zde \u201cIrak ve \u015eam Devleti\u201d adl\u0131 ter\u00f6r \u00f6rg\u00fct\u00fcn\u00fcn arta gelen katliamlar\u0131 \u00e7er\u00e7evesinde i\u00e7inde a\u015firetlerin ya\u015fad\u0131\u011f\u0131 b\u00f6lgeler dahil Suriye\u2019deki durumlar\u0131n ele al\u0131nd\u0131\u011f\u0131na dikkat \u00e7ekti.<\/p>\n<p>Rusya D\u0131\u015fi\u015fleri beyan\u0131nda, her iki taraf\u0131n Suriye\u2019deki krizin askeri yolla \u00e7\u00f6z\u00fclmesinin m\u00fcmk\u00fcn olamad\u0131\u011f\u0131n\u0131 \u00e7\u00f6z\u00fcm\u00fcn\u00fcn ise sadece Suriye-Suriye diyalogu kanal\u0131yla siyasi ve diplomatik yollarla \u00e7\u00f6z\u00fclebilece\u011fini belirttiklerini s\u00f6yledi.<\/p>\n<p>Bakanl\u0131k, toplant\u0131da Suriye\u2019deki a\u015firetler konseyinin siyasi s\u00fcrece kat\u0131lmalar\u0131 \u00f6nemine dikkat \u00e7ekerek bunun \u00fclkede ekonomik ve sosyal alt yap\u0131n\u0131n alt \u00fcst oldu\u011fu alt yap\u0131n\u0131n yeniden imar\u0131 ve \u015fiddetin durdurulmas\u0131 \u00e7\u0131karlar\u0131na hizmet edece\u011fini ifade etti.<\/p>\n","protected":false},"excerpt":{"rendered":"<p>MOSKOVA \u2013 Rusya D\u0131\u015fi\u015fleri Bakanl\u0131\u011f\u0131 Suriye\u2019deki krizin siyasi yollarla \u00e7\u00f6z\u00fclebilece\u011fini belirtti. Bakanl\u0131k Rusya Ba\u015fkan\u0131n\u0131n Orta do\u011fu i\u015flerinden sorumlu temsilcisi D\u0131\u015fi\u015fleri Bakan\u0131 Yard\u0131mc\u0131s\u0131 Mihail Bogdanov\u2019un Suriye\u2019nin Kuzey do\u011fusundaki a\u015firet \u015feyhleri konsey heyetiyle d\u00fczenledi\u011fi toplant\u0131yla ilgili yay\u0131nlad\u0131\u011f\u0131 beyanda, g\u00f6r\u00fc\u015fmede Kaideye ba\u011fl\u0131 s\u00f6zde \u201cIrak ve \u015eam Devleti\u201d adl\u0131 ter\u00f6r \u00f6rg\u00fct\u00fcn\u00fcn arta gelen katliamlar\u0131 \u00e7er\u00e7evesinde i\u00e7inde a\u015firetlerin ya\u015fad\u0131\u011f\u0131 b\u00f6lgeler &hellip;<\/p>\n","protected":false},"author":1,"featured_media":7686,"comment_status":"closed","ping_status":"closed","sticky":false,"template":"","format":"standard","meta":{"footnotes":""},"categories":[458,459,447],"tags":[1715],"class_list":["post-7685","post","type-post","status-publish","format-standard","has-post-thumbnail","","category-dunya1","category-haberler-arap-uluslararasi-politika","category-politika","tag-suriyedeki-kriz-sadece-siyasi-yollarla-cozulebilir"],"_links":{"self":[{"href":"https:\/\/archive.sana.sy\/tr\/index.php?rest_route=\/wp\/v2\/posts\/7685","targetHints":{"allow":["GET"]}}],"collection":[{"href":"https:\/\/archive.sana.sy\/tr\/index.php?rest_route=\/wp\/v2\/posts"}],"about":[{"href":"https:\/\/archive.sana.sy\/tr\/index.php?rest_route=\/wp\/v2\/types\/post"}],"author":[{"embeddable":true,"href":"https:\/\/archive.sana.sy\/tr\/index.php?rest_route=\/wp\/v2\/users\/1"}],"replies":[{"embeddable":true,"href":"https:\/\/archive.sana.sy\/tr\/index.php?rest_route=%2Fwp%2Fv2%2Fcomments&post=7685"}],"version-history":[{"count":0,"href":"https:\/\/archive.sana.sy\/tr\/index.php?rest_route=\/wp\/v2\/posts\/7685\/revisions"}],"wp:featuredmedia":[{"embeddable":true,"href":"https:\/\/archive.sana.sy\/tr\/index.php?rest_route=\/wp\/v2\/media\/7686"}],"wp:attachment":[{"href":"https:\/\/archive.sana.sy\/tr\/index.php?rest_route=%2Fwp%2Fv2%2Fmedia&parent=7685"}],"wp:term":[{"taxonomy":"category","embeddable":true,"href":"https:\/\/archive.sana.sy\/tr\/index.php?rest_route=%2Fwp%2Fv2%2Fcategories&post=7685"},{"taxonomy":"post_tag","embeddable":true,"href":"https:\/\/archive.sana.sy\/tr\/index.php?rest_route=%2Fwp%2Fv2%2Ftags&post=7685"}],"curies":[{"name":"wp","href":"https:\/\/api.w.org\/{rel}","templated":true}]}}