{"id":76857,"date":"2016-06-18T12:30:39","date_gmt":"2016-06-18T09:30:39","guid":{"rendered":"http:\/\/www.sana.sy\/tr\/?p=76857"},"modified":"2016-06-19T16:29:36","modified_gmt":"2016-06-19T13:29:36","slug":"maaslara-ilaveten-verilen-yasam-telafisine-7500-lira-artis-yapildi","status":"publish","type":"post","link":"https:\/\/archive.sana.sy\/tr\/?p=76857","title":{"rendered":"Maa\u015flara \u0130laveten Verilen Ya\u015fam Telafisine 7500 Lira Art\u0131\u015f Yap\u0131ld\u0131"},"content":{"rendered":"<p>\u015eAM \u2013 Cumhurba\u015fkan\u0131 Be\u015f\u015far el Esad bug\u00fcn, ayl\u0131k maa\u015flar\u0131n yan\u0131 s\u0131ra ya\u015fam telafisi olarak \u00f6denen ayl\u0131k mebla\u011fa 7500 lira net art\u0131\u015f\u0131n yap\u0131lmas\u0131n\u0131 \u00f6ng\u00f6ren 2016\/13 say\u0131l\u0131 yasama karar\u0131n\u0131 onaylad\u0131.<\/p>\n<p>Yasama karar\u0131 kadrolu askerlere ilaveten \u00f6zel ve ortak sekt\u00f6r \u00e7al\u0131\u015fanlar\u0131n\u0131 da kapsarken, emekliler ve emekli aileleri de faydalanabiliyor. Ayl\u0131k maa\u015flarla birlikte \u00f6denecek s\u00f6z konusu mebla\u011f net olup hi\u00e7bir \u015fekilde kesintiye tabi olmayacakt\u0131r.<\/p>\n","protected":false},"excerpt":{"rendered":"<p>\u015eAM \u2013 Cumhurba\u015fkan\u0131 Be\u015f\u015far el Esad bug\u00fcn, ayl\u0131k maa\u015flar\u0131n yan\u0131 s\u0131ra ya\u015fam telafisi olarak \u00f6denen ayl\u0131k mebla\u011fa 7500 lira net art\u0131\u015f\u0131n yap\u0131lmas\u0131n\u0131 \u00f6ng\u00f6ren 2016\/13 say\u0131l\u0131 yasama karar\u0131n\u0131 onaylad\u0131. Yasama karar\u0131 kadrolu askerlere ilaveten \u00f6zel ve ortak sekt\u00f6r \u00e7al\u0131\u015fanlar\u0131n\u0131 da kapsarken, emekliler ve emekli aileleri de faydalanabiliyor. Ayl\u0131k maa\u015flarla birlikte \u00f6denecek s\u00f6z konusu mebla\u011f net olup &hellip;<\/p>\n","protected":false},"author":1,"featured_media":64924,"comment_status":"closed","ping_status":"closed","sticky":false,"template":"","format":"standard","meta":{"footnotes":""},"categories":[479,605,17988,612,599,478],"tags":[],"class_list":["post-76857","post","type-post","status-publish","format-standard","has-post-thumbnail","","category-haberler-yerel","category-sayin-cumhurbaskani","category-son-haberler","category-yasama-kararnameler","category-yasama-ve-kanunlar","category-yerel"],"_links":{"self":[{"href":"https:\/\/archive.sana.sy\/tr\/index.php?rest_route=\/wp\/v2\/posts\/76857","targetHints":{"allow":["GET"]}}],"collection":[{"href":"https:\/\/archive.sana.sy\/tr\/index.php?rest_route=\/wp\/v2\/posts"}],"about":[{"href":"https:\/\/archive.sana.sy\/tr\/index.php?rest_route=\/wp\/v2\/types\/post"}],"author":[{"embeddable":true,"href":"https:\/\/archive.sana.sy\/tr\/index.php?rest_route=\/wp\/v2\/users\/1"}],"replies":[{"embeddable":true,"href":"https:\/\/archive.sana.sy\/tr\/index.php?rest_route=%2Fwp%2Fv2%2Fcomments&post=76857"}],"version-history":[{"count":0,"href":"https:\/\/archive.sana.sy\/tr\/index.php?rest_route=\/wp\/v2\/posts\/76857\/revisions"}],"wp:featuredmedia":[{"embeddable":true,"href":"https:\/\/archive.sana.sy\/tr\/index.php?rest_route=\/wp\/v2\/media\/64924"}],"wp:attachment":[{"href":"https:\/\/archive.sana.sy\/tr\/index.php?rest_route=%2Fwp%2Fv2%2Fmedia&parent=76857"}],"wp:term":[{"taxonomy":"category","embeddable":true,"href":"https:\/\/archive.sana.sy\/tr\/index.php?rest_route=%2Fwp%2Fv2%2Fcategories&post=76857"},{"taxonomy":"post_tag","embeddable":true,"href":"https:\/\/archive.sana.sy\/tr\/index.php?rest_route=%2Fwp%2Fv2%2Ftags&post=76857"}],"curies":[{"name":"wp","href":"https:\/\/api.w.org\/{rel}","templated":true}]}}