{"id":76868,"date":"2016-06-18T11:48:36","date_gmt":"2016-06-18T08:48:36","guid":{"rendered":"http:\/\/www.sana.sy\/tr\/?p=76868"},"modified":"2016-06-18T14:28:13","modified_gmt":"2016-06-18T11:28:13","slug":"bakanlar-konseyi-sananin-bir-nushasini-aldigi-beyanda-basbakan-halakinin-ic-ticaret-ve-tuketiciyi-koruma-bakanligindan-piyasa-fiyatlarinin-siki-bir-sekilde-denetlenmesi-amaciyla-ken","status":"publish","type":"post","link":"https:\/\/archive.sana.sy\/tr\/?p=76868","title":{"rendered":"Bakanlar Konseyi SANA\u2019n\u0131n bir n\u00fcshas\u0131n\u0131 ald\u0131\u011f\u0131 beyanda; Ba\u015fbakan Halaki\u2019nin \u0130\u00e7 Ticaret ve T\u00fcketiciyi Koruma Bakanl\u0131\u011f\u0131ndan piyasa fiyatlar\u0131n\u0131n s\u0131k\u0131 bir \u015fekilde denetlenmesi amac\u0131yla kendisine tabi t\u00fcm denetim kurumlar\u0131n\u0131 alarma ge\u00e7irmesini talep etti\u011fi ifade edildi"},"content":{"rendered":"<p>Bakanlar Konseyi SANA\u2019n\u0131n bir n\u00fcshas\u0131n\u0131 ald\u0131\u011f\u0131 beyanda; Ba\u015fbakan Halaki\u2019nin \u0130\u00e7 Ticaret ve T\u00fcketiciyi Koruma Bakanl\u0131\u011f\u0131ndan piyasa fiyatlar\u0131n\u0131n s\u0131k\u0131 bir \u015fekilde denetlenmesi amac\u0131yla kendisine tabi t\u00fcm denetim kurumlar\u0131n\u0131 alarma ge\u00e7irmesini talep etti\u011fi ifade edildi<\/p>\n","protected":false},"excerpt":{"rendered":"<p>Bakanlar Konseyi SANA\u2019n\u0131n bir n\u00fcshas\u0131n\u0131 ald\u0131\u011f\u0131 beyanda; Ba\u015fbakan Halaki\u2019nin \u0130\u00e7 Ticaret ve T\u00fcketiciyi Koruma Bakanl\u0131\u011f\u0131ndan piyasa fiyatlar\u0131n\u0131n s\u0131k\u0131 bir \u015fekilde denetlenmesi amac\u0131yla kendisine tabi t\u00fcm denetim kurumlar\u0131n\u0131 alarma ge\u00e7irmesini talep etti\u011fi ifade edildi<\/p>\n","protected":false},"author":1,"featured_media":0,"comment_status":"closed","ping_status":"closed","sticky":false,"template":"","format":"standard","meta":{"footnotes":""},"categories":[17991],"tags":[],"class_list":["post-76868","post","type-post","status-publish","format-standard","","category-son-dakika"],"_links":{"self":[{"href":"https:\/\/archive.sana.sy\/tr\/index.php?rest_route=\/wp\/v2\/posts\/76868","targetHints":{"allow":["GET"]}}],"collection":[{"href":"https:\/\/archive.sana.sy\/tr\/index.php?rest_route=\/wp\/v2\/posts"}],"about":[{"href":"https:\/\/archive.sana.sy\/tr\/index.php?rest_route=\/wp\/v2\/types\/post"}],"author":[{"embeddable":true,"href":"https:\/\/archive.sana.sy\/tr\/index.php?rest_route=\/wp\/v2\/users\/1"}],"replies":[{"embeddable":true,"href":"https:\/\/archive.sana.sy\/tr\/index.php?rest_route=%2Fwp%2Fv2%2Fcomments&post=76868"}],"version-history":[{"count":0,"href":"https:\/\/archive.sana.sy\/tr\/index.php?rest_route=\/wp\/v2\/posts\/76868\/revisions"}],"wp:attachment":[{"href":"https:\/\/archive.sana.sy\/tr\/index.php?rest_route=%2Fwp%2Fv2%2Fmedia&parent=76868"}],"wp:term":[{"taxonomy":"category","embeddable":true,"href":"https:\/\/archive.sana.sy\/tr\/index.php?rest_route=%2Fwp%2Fv2%2Fcategories&post=76868"},{"taxonomy":"post_tag","embeddable":true,"href":"https:\/\/archive.sana.sy\/tr\/index.php?rest_route=%2Fwp%2Fv2%2Ftags&post=76868"}],"curies":[{"name":"wp","href":"https:\/\/api.w.org\/{rel}","templated":true}]}}