{"id":76877,"date":"2016-06-18T13:35:56","date_gmt":"2016-06-18T10:35:56","guid":{"rendered":"http:\/\/www.sana.sy\/tr\/?p=76877"},"modified":"2016-06-18T14:47:36","modified_gmt":"2016-06-18T11:47:36","slug":"askeri-kaynak-sanaya-aciklamasinda-teror-hucresini-yakalama-esnasinda-vatandaslarin-selameti-acisindan-otobanin-kisa-bir-sureligine-baska-yola-yonlendirildigine-dikkat-cekerken-operasyonun","status":"publish","type":"post","link":"https:\/\/archive.sana.sy\/tr\/?p=76877","title":{"rendered":"Askeri kaynak SANA\u2019ya a\u00e7\u0131klamas\u0131nda; ter\u00f6r h\u00fccresini yakalama esnas\u0131nda vatanda\u015flar\u0131n selameti a\u00e7\u0131s\u0131ndan otoban\u0131n k\u0131sa bir s\u00fcreli\u011fine ba\u015fka yola y\u00f6nlendirildi\u011fine dikkat \u00e7ekerken, operasyonun ba\u015far\u0131yla tamamlanmas\u0131 ard\u0131ndan otoban\u0131n yeniden normal bir \u015fekilde trafi\u011fe a\u00e7\u0131ld\u0131\u011f\u0131n\u0131 aktard\u0131"},"content":{"rendered":"<p>Askeri kaynak SANA\u2019ya a\u00e7\u0131klamas\u0131nda; ter\u00f6r h\u00fccresini yakalama esnas\u0131nda vatanda\u015flar\u0131n selameti a\u00e7\u0131s\u0131ndan otoban\u0131n k\u0131sa bir s\u00fcreli\u011fine ba\u015fka yola y\u00f6nlendirildi\u011fine dikkat \u00e7ekerken, operasyonun ba\u015far\u0131yla tamamlanmas\u0131 ard\u0131ndan otoban\u0131n yeniden normal bir \u015fekilde trafi\u011fe a\u00e7\u0131ld\u0131\u011f\u0131n\u0131 aktard\u0131<\/p>\n","protected":false},"excerpt":{"rendered":"<p>Askeri kaynak SANA\u2019ya a\u00e7\u0131klamas\u0131nda; ter\u00f6r h\u00fccresini yakalama esnas\u0131nda vatanda\u015flar\u0131n selameti a\u00e7\u0131s\u0131ndan otoban\u0131n k\u0131sa bir s\u00fcreli\u011fine ba\u015fka yola y\u00f6nlendirildi\u011fine dikkat \u00e7ekerken, operasyonun ba\u015far\u0131yla tamamlanmas\u0131 ard\u0131ndan otoban\u0131n yeniden normal bir \u015fekilde trafi\u011fe a\u00e7\u0131ld\u0131\u011f\u0131n\u0131 aktard\u0131<\/p>\n","protected":false},"author":1,"featured_media":0,"comment_status":"closed","ping_status":"closed","sticky":false,"template":"","format":"standard","meta":{"footnotes":""},"categories":[17991],"tags":[],"class_list":["post-76877","post","type-post","status-publish","format-standard","","category-son-dakika"],"_links":{"self":[{"href":"https:\/\/archive.sana.sy\/tr\/index.php?rest_route=\/wp\/v2\/posts\/76877","targetHints":{"allow":["GET"]}}],"collection":[{"href":"https:\/\/archive.sana.sy\/tr\/index.php?rest_route=\/wp\/v2\/posts"}],"about":[{"href":"https:\/\/archive.sana.sy\/tr\/index.php?rest_route=\/wp\/v2\/types\/post"}],"author":[{"embeddable":true,"href":"https:\/\/archive.sana.sy\/tr\/index.php?rest_route=\/wp\/v2\/users\/1"}],"replies":[{"embeddable":true,"href":"https:\/\/archive.sana.sy\/tr\/index.php?rest_route=%2Fwp%2Fv2%2Fcomments&post=76877"}],"version-history":[{"count":0,"href":"https:\/\/archive.sana.sy\/tr\/index.php?rest_route=\/wp\/v2\/posts\/76877\/revisions"}],"wp:attachment":[{"href":"https:\/\/archive.sana.sy\/tr\/index.php?rest_route=%2Fwp%2Fv2%2Fmedia&parent=76877"}],"wp:term":[{"taxonomy":"category","embeddable":true,"href":"https:\/\/archive.sana.sy\/tr\/index.php?rest_route=%2Fwp%2Fv2%2Fcategories&post=76877"},{"taxonomy":"post_tag","embeddable":true,"href":"https:\/\/archive.sana.sy\/tr\/index.php?rest_route=%2Fwp%2Fv2%2Ftags&post=76877"}],"curies":[{"name":"wp","href":"https:\/\/api.w.org\/{rel}","templated":true}]}}