{"id":76888,"date":"2016-06-18T13:57:58","date_gmt":"2016-06-18T10:57:58","guid":{"rendered":"http:\/\/www.sana.sy\/tr\/?p=76888"},"modified":"2016-06-18T15:04:39","modified_gmt":"2016-06-18T12:04:39","slug":"kaynak-bu-zaferin-kahraman-irak-ordusu-ve-halk-guclerinin-tekfirci-orgutun-kardes-irak-halkina-yonelik-vahsetine-son-verme-yonundeki-kahramanliklari-sayesinde-gerceklestigine-dikkat-cekti","status":"publish","type":"post","link":"https:\/\/archive.sana.sy\/tr\/?p=76888","title":{"rendered":"Kaynak bu zaferin kahraman Irak ordusu ve Halk G\u00fc\u00e7lerinin tekfirci \u00f6rg\u00fct\u00fcn karde\u015f Irak halk\u0131na y\u00f6nelik vah\u015fetine son verme y\u00f6n\u00fcndeki kahramanl\u0131klar\u0131 sayesinde ger\u00e7ekle\u015fti\u011fine dikkat \u00e7ekti"},"content":{"rendered":"<p>Kaynak bu zaferin kahraman Irak ordusu ve Halk G\u00fc\u00e7lerinin tekfirci \u00f6rg\u00fct\u00fcn karde\u015f Irak halk\u0131na y\u00f6nelik vah\u015fetine son verme y\u00f6n\u00fcndeki kahramanl\u0131klar\u0131 sayesinde ger\u00e7ekle\u015fti\u011fine dikkat \u00e7ekti<\/p>\n","protected":false},"excerpt":{"rendered":"<p>Kaynak bu zaferin kahraman Irak ordusu ve Halk G\u00fc\u00e7lerinin tekfirci \u00f6rg\u00fct\u00fcn karde\u015f Irak halk\u0131na y\u00f6nelik vah\u015fetine son verme y\u00f6n\u00fcndeki kahramanl\u0131klar\u0131 sayesinde ger\u00e7ekle\u015fti\u011fine dikkat \u00e7ekti<\/p>\n","protected":false},"author":1,"featured_media":0,"comment_status":"closed","ping_status":"closed","sticky":false,"template":"","format":"standard","meta":{"footnotes":""},"categories":[17991],"tags":[],"class_list":["post-76888","post","type-post","status-publish","format-standard","","category-son-dakika"],"_links":{"self":[{"href":"https:\/\/archive.sana.sy\/tr\/index.php?rest_route=\/wp\/v2\/posts\/76888","targetHints":{"allow":["GET"]}}],"collection":[{"href":"https:\/\/archive.sana.sy\/tr\/index.php?rest_route=\/wp\/v2\/posts"}],"about":[{"href":"https:\/\/archive.sana.sy\/tr\/index.php?rest_route=\/wp\/v2\/types\/post"}],"author":[{"embeddable":true,"href":"https:\/\/archive.sana.sy\/tr\/index.php?rest_route=\/wp\/v2\/users\/1"}],"replies":[{"embeddable":true,"href":"https:\/\/archive.sana.sy\/tr\/index.php?rest_route=%2Fwp%2Fv2%2Fcomments&post=76888"}],"version-history":[{"count":0,"href":"https:\/\/archive.sana.sy\/tr\/index.php?rest_route=\/wp\/v2\/posts\/76888\/revisions"}],"wp:attachment":[{"href":"https:\/\/archive.sana.sy\/tr\/index.php?rest_route=%2Fwp%2Fv2%2Fmedia&parent=76888"}],"wp:term":[{"taxonomy":"category","embeddable":true,"href":"https:\/\/archive.sana.sy\/tr\/index.php?rest_route=%2Fwp%2Fv2%2Fcategories&post=76888"},{"taxonomy":"post_tag","embeddable":true,"href":"https:\/\/archive.sana.sy\/tr\/index.php?rest_route=%2Fwp%2Fv2%2Ftags&post=76888"}],"curies":[{"name":"wp","href":"https:\/\/api.w.org\/{rel}","templated":true}]}}