{"id":76894,"date":"2016-06-18T14:02:51","date_gmt":"2016-06-18T11:02:51","guid":{"rendered":"http:\/\/www.sana.sy\/tr\/?p=76894"},"modified":"2016-06-18T15:05:12","modified_gmt":"2016-06-18T12:05:12","slug":"suriyenin-teror-karsi-savasin-iki-kardes-ulke-sinirlarinin-iki-yanindan-ortak-bir-savas-olduguna-inandigini-ifade-eden-kaynak-tum-sekilleri-ve-adlandirmalariyla-tekfirci-terore-karsi-mucadelede-he","status":"publish","type":"post","link":"https:\/\/archive.sana.sy\/tr\/?p=76894","title":{"rendered":"Suriye&#8217;nin ter\u00f6r kar\u015f\u0131 sava\u015f\u0131n, iki karde\u015f \u00fclke s\u0131n\u0131rlar\u0131n\u0131n iki yan\u0131ndan ortak bir sava\u015f oldu\u011funa inand\u0131\u011f\u0131n\u0131 ifade eden kaynak; t\u00fcm \u015fekilleri ve adland\u0131rmalar\u0131yla tekfirci ter\u00f6re kar\u015f\u0131 m\u00fccadelede her daim tam bir i\u015fbirli\u011fine haz\u0131r odlu\u011funu bir kez daha vurgulad\u0131"},"content":{"rendered":"<p>Suriye&#8217;nin ter\u00f6r kar\u015f\u0131 sava\u015f\u0131n, iki karde\u015f \u00fclke s\u0131n\u0131rlar\u0131n\u0131n iki yan\u0131ndan ortak bir sava\u015f oldu\u011funa inand\u0131\u011f\u0131n\u0131 ifade eden kaynak; t\u00fcm \u015fekilleri ve adland\u0131rmalar\u0131yla tekfirci ter\u00f6re kar\u015f\u0131 m\u00fccadelede her daim tam bir i\u015fbirli\u011fine haz\u0131r odlu\u011funu bir kez daha vurgulad\u0131<\/p>\n","protected":false},"excerpt":{"rendered":"<p>Suriye&#8217;nin ter\u00f6r kar\u015f\u0131 sava\u015f\u0131n, iki karde\u015f \u00fclke s\u0131n\u0131rlar\u0131n\u0131n iki yan\u0131ndan ortak bir sava\u015f oldu\u011funa inand\u0131\u011f\u0131n\u0131 ifade eden kaynak; t\u00fcm \u015fekilleri ve adland\u0131rmalar\u0131yla tekfirci ter\u00f6re kar\u015f\u0131 m\u00fccadelede her daim tam bir i\u015fbirli\u011fine haz\u0131r odlu\u011funu bir kez daha vurgulad\u0131<\/p>\n","protected":false},"author":1,"featured_media":0,"comment_status":"closed","ping_status":"closed","sticky":false,"template":"","format":"standard","meta":{"footnotes":""},"categories":[17991],"tags":[],"class_list":["post-76894","post","type-post","status-publish","format-standard","","category-son-dakika"],"_links":{"self":[{"href":"https:\/\/archive.sana.sy\/tr\/index.php?rest_route=\/wp\/v2\/posts\/76894","targetHints":{"allow":["GET"]}}],"collection":[{"href":"https:\/\/archive.sana.sy\/tr\/index.php?rest_route=\/wp\/v2\/posts"}],"about":[{"href":"https:\/\/archive.sana.sy\/tr\/index.php?rest_route=\/wp\/v2\/types\/post"}],"author":[{"embeddable":true,"href":"https:\/\/archive.sana.sy\/tr\/index.php?rest_route=\/wp\/v2\/users\/1"}],"replies":[{"embeddable":true,"href":"https:\/\/archive.sana.sy\/tr\/index.php?rest_route=%2Fwp%2Fv2%2Fcomments&post=76894"}],"version-history":[{"count":0,"href":"https:\/\/archive.sana.sy\/tr\/index.php?rest_route=\/wp\/v2\/posts\/76894\/revisions"}],"wp:attachment":[{"href":"https:\/\/archive.sana.sy\/tr\/index.php?rest_route=%2Fwp%2Fv2%2Fmedia&parent=76894"}],"wp:term":[{"taxonomy":"category","embeddable":true,"href":"https:\/\/archive.sana.sy\/tr\/index.php?rest_route=%2Fwp%2Fv2%2Fcategories&post=76894"},{"taxonomy":"post_tag","embeddable":true,"href":"https:\/\/archive.sana.sy\/tr\/index.php?rest_route=%2Fwp%2Fv2%2Ftags&post=76894"}],"curies":[{"name":"wp","href":"https:\/\/api.w.org\/{rel}","templated":true}]}}