{"id":76899,"date":"2016-06-18T14:11:17","date_gmt":"2016-06-18T11:11:17","guid":{"rendered":"http:\/\/www.sana.sy\/tr\/?p=76899"},"modified":"2016-06-18T15:29:06","modified_gmt":"2016-06-18T12:29:06","slug":"halep-emniyet-mudurlugunde-bir-kaynak-sanaya-aciklamasinda-erdogan-ve-al-suud-rejimlerine-tabi-teroristlerin-catismalari-durdurma-anlasmasini-bir-kez-daha-ihlal-ederek-halep-kentinin-kuzey-ke","status":"publish","type":"post","link":"https:\/\/archive.sana.sy\/tr\/?p=76899","title":{"rendered":"Halep Emniyet M\u00fcd\u00fcrl\u00fc\u011f\u00fcnde bir kaynak SANA\u2019ya a\u00e7\u0131klamas\u0131nda Erdo\u011fan ve Al Suud rejimlerine tabi ter\u00f6ristlerin \u00e7at\u0131\u015fmalar\u0131 durdurma anla\u015fmas\u0131n\u0131 bir kez daha ihlal ederek Halep Kentinin kuzey kenarlar\u0131na d\u00fc\u015fen \u015eeyh Maksud Semtine geli\u015fig\u00fczel f\u00fczelerle sald\u0131rd\u0131klar\u0131n\u0131 belirtti"},"content":{"rendered":"<p>Halep Emniyet M\u00fcd\u00fcrl\u00fc\u011f\u00fcnde bir kaynak SANA\u2019ya a\u00e7\u0131klamas\u0131nda Erdo\u011fan ve Al Suud rejimlerine tabi ter\u00f6ristlerin \u00e7at\u0131\u015fmalar\u0131 durdurma anla\u015fmas\u0131n\u0131 bir kez daha ihlal ederek Halep Kentinin kuzey kenarlar\u0131na d\u00fc\u015fen \u015eeyh Maksud Semtine geli\u015fig\u00fczel f\u00fczelerle sald\u0131rd\u0131klar\u0131n\u0131 belirtti<\/p>\n","protected":false},"excerpt":{"rendered":"<p>Halep Emniyet M\u00fcd\u00fcrl\u00fc\u011f\u00fcnde bir kaynak SANA\u2019ya a\u00e7\u0131klamas\u0131nda Erdo\u011fan ve Al Suud rejimlerine tabi ter\u00f6ristlerin \u00e7at\u0131\u015fmalar\u0131 durdurma anla\u015fmas\u0131n\u0131 bir kez daha ihlal ederek Halep Kentinin kuzey kenarlar\u0131na d\u00fc\u015fen \u015eeyh Maksud Semtine geli\u015fig\u00fczel f\u00fczelerle sald\u0131rd\u0131klar\u0131n\u0131 belirtti<\/p>\n","protected":false},"author":1,"featured_media":0,"comment_status":"closed","ping_status":"closed","sticky":false,"template":"","format":"standard","meta":{"footnotes":""},"categories":[17991],"tags":[],"class_list":["post-76899","post","type-post","status-publish","format-standard","","category-son-dakika"],"_links":{"self":[{"href":"https:\/\/archive.sana.sy\/tr\/index.php?rest_route=\/wp\/v2\/posts\/76899","targetHints":{"allow":["GET"]}}],"collection":[{"href":"https:\/\/archive.sana.sy\/tr\/index.php?rest_route=\/wp\/v2\/posts"}],"about":[{"href":"https:\/\/archive.sana.sy\/tr\/index.php?rest_route=\/wp\/v2\/types\/post"}],"author":[{"embeddable":true,"href":"https:\/\/archive.sana.sy\/tr\/index.php?rest_route=\/wp\/v2\/users\/1"}],"replies":[{"embeddable":true,"href":"https:\/\/archive.sana.sy\/tr\/index.php?rest_route=%2Fwp%2Fv2%2Fcomments&post=76899"}],"version-history":[{"count":0,"href":"https:\/\/archive.sana.sy\/tr\/index.php?rest_route=\/wp\/v2\/posts\/76899\/revisions"}],"wp:attachment":[{"href":"https:\/\/archive.sana.sy\/tr\/index.php?rest_route=%2Fwp%2Fv2%2Fmedia&parent=76899"}],"wp:term":[{"taxonomy":"category","embeddable":true,"href":"https:\/\/archive.sana.sy\/tr\/index.php?rest_route=%2Fwp%2Fv2%2Fcategories&post=76899"},{"taxonomy":"post_tag","embeddable":true,"href":"https:\/\/archive.sana.sy\/tr\/index.php?rest_route=%2Fwp%2Fv2%2Ftags&post=76899"}],"curies":[{"name":"wp","href":"https:\/\/api.w.org\/{rel}","templated":true}]}}