{"id":7690,"date":"2014-08-19T13:00:30","date_gmt":"2014-08-19T10:00:30","guid":{"rendered":"http:\/\/www.sana.sy\/tr\/?p=7690"},"modified":"2014-08-19T13:00:30","modified_gmt":"2014-08-19T10:00:30","slug":"dera-valilik-kaynagi-dera-kuzey-kirsalina-16-bin-gida-ve-saglik-sepetinden-olusan-yardim-kafilesi-girdi","status":"publish","type":"post","link":"https:\/\/archive.sana.sy\/tr\/?p=7690","title":{"rendered":"Dera Valilik Kayna\u011f\u0131: Dera Kuzey k\u0131rsal\u0131na 16 bin g\u0131da ve sa\u011fl\u0131k sepetinden olu\u015fan yard\u0131m kafilesi girdi"},"content":{"rendered":"<p>Dera Valilik Kayna\u011f\u0131: Dera Kuzey k\u0131rsal\u0131na 16 bin g\u0131da ve sa\u011fl\u0131k sepetinden olu\u015fan yard\u0131m kafilesi girdi<\/p>\n","protected":false},"excerpt":{"rendered":"<p>Dera Valilik Kayna\u011f\u0131: Dera Kuzey k\u0131rsal\u0131na 16 bin g\u0131da ve sa\u011fl\u0131k sepetinden olu\u015fan yard\u0131m kafilesi girdi<\/p>\n","protected":false},"author":1,"featured_media":0,"comment_status":"closed","ping_status":"closed","sticky":false,"template":"","format":"standard","meta":{"footnotes":""},"categories":[1],"tags":[1716],"class_list":["post-7690","post","type-post","status-publish","format-standard","","category-news-not-sorted","tag-dera-valilik-kaynagi-dera-kuzey-kirsalina-16-bin-gida-ve-saglik-sepetinden-olusan-yardim-kafilesi-girdi"],"_links":{"self":[{"href":"https:\/\/archive.sana.sy\/tr\/index.php?rest_route=\/wp\/v2\/posts\/7690","targetHints":{"allow":["GET"]}}],"collection":[{"href":"https:\/\/archive.sana.sy\/tr\/index.php?rest_route=\/wp\/v2\/posts"}],"about":[{"href":"https:\/\/archive.sana.sy\/tr\/index.php?rest_route=\/wp\/v2\/types\/post"}],"author":[{"embeddable":true,"href":"https:\/\/archive.sana.sy\/tr\/index.php?rest_route=\/wp\/v2\/users\/1"}],"replies":[{"embeddable":true,"href":"https:\/\/archive.sana.sy\/tr\/index.php?rest_route=%2Fwp%2Fv2%2Fcomments&post=7690"}],"version-history":[{"count":0,"href":"https:\/\/archive.sana.sy\/tr\/index.php?rest_route=\/wp\/v2\/posts\/7690\/revisions"}],"wp:attachment":[{"href":"https:\/\/archive.sana.sy\/tr\/index.php?rest_route=%2Fwp%2Fv2%2Fmedia&parent=7690"}],"wp:term":[{"taxonomy":"category","embeddable":true,"href":"https:\/\/archive.sana.sy\/tr\/index.php?rest_route=%2Fwp%2Fv2%2Fcategories&post=7690"},{"taxonomy":"post_tag","embeddable":true,"href":"https:\/\/archive.sana.sy\/tr\/index.php?rest_route=%2Fwp%2Fv2%2Ftags&post=7690"}],"curies":[{"name":"wp","href":"https:\/\/api.w.org\/{rel}","templated":true}]}}