{"id":76949,"date":"2016-06-19T11:21:47","date_gmt":"2016-06-19T08:21:47","guid":{"rendered":"http:\/\/www.sana.sy\/tr\/?p=76949"},"modified":"2016-06-19T15:31:33","modified_gmt":"2016-06-19T12:31:33","slug":"halk-meclisi-bugun-2-yasama-donemi-1-olagan-devresinin-2-oturumunu-meclis-baskani-hediye-abbasin-baskanliginda-duzenledi","status":"publish","type":"post","link":"https:\/\/archive.sana.sy\/tr\/?p=76949","title":{"rendered":"Halk Meclisi bug\u00fcn 2. Yasama D\u00f6nemi 1. Ola\u011fan Devresinin 2. Oturumunu Meclis Ba\u015fkan\u0131 Hediye Abbas\u2019\u0131n ba\u015fkanl\u0131\u011f\u0131nda d\u00fczenledi"},"content":{"rendered":"<p>Halk Meclisi bug\u00fcn 2. Yasama D\u00f6nemi 1. Ola\u011fan Devresinin 2. Oturumunu Meclis Ba\u015fkan\u0131 Hediye Abbas\u2019\u0131n ba\u015fkanl\u0131\u011f\u0131nda d\u00fczenledi<\/p>\n","protected":false},"excerpt":{"rendered":"<p>Halk Meclisi bug\u00fcn 2. Yasama D\u00f6nemi 1. Ola\u011fan Devresinin 2. Oturumunu Meclis Ba\u015fkan\u0131 Hediye Abbas\u2019\u0131n ba\u015fkanl\u0131\u011f\u0131nda d\u00fczenledi<\/p>\n","protected":false},"author":1,"featured_media":0,"comment_status":"closed","ping_status":"closed","sticky":false,"template":"","format":"standard","meta":{"footnotes":""},"categories":[17991],"tags":[],"class_list":["post-76949","post","type-post","status-publish","format-standard","","category-son-dakika"],"_links":{"self":[{"href":"https:\/\/archive.sana.sy\/tr\/index.php?rest_route=\/wp\/v2\/posts\/76949","targetHints":{"allow":["GET"]}}],"collection":[{"href":"https:\/\/archive.sana.sy\/tr\/index.php?rest_route=\/wp\/v2\/posts"}],"about":[{"href":"https:\/\/archive.sana.sy\/tr\/index.php?rest_route=\/wp\/v2\/types\/post"}],"author":[{"embeddable":true,"href":"https:\/\/archive.sana.sy\/tr\/index.php?rest_route=\/wp\/v2\/users\/1"}],"replies":[{"embeddable":true,"href":"https:\/\/archive.sana.sy\/tr\/index.php?rest_route=%2Fwp%2Fv2%2Fcomments&post=76949"}],"version-history":[{"count":0,"href":"https:\/\/archive.sana.sy\/tr\/index.php?rest_route=\/wp\/v2\/posts\/76949\/revisions"}],"wp:attachment":[{"href":"https:\/\/archive.sana.sy\/tr\/index.php?rest_route=%2Fwp%2Fv2%2Fmedia&parent=76949"}],"wp:term":[{"taxonomy":"category","embeddable":true,"href":"https:\/\/archive.sana.sy\/tr\/index.php?rest_route=%2Fwp%2Fv2%2Fcategories&post=76949"},{"taxonomy":"post_tag","embeddable":true,"href":"https:\/\/archive.sana.sy\/tr\/index.php?rest_route=%2Fwp%2Fv2%2Ftags&post=76949"}],"curies":[{"name":"wp","href":"https:\/\/api.w.org\/{rel}","templated":true}]}}