{"id":7696,"date":"2014-08-19T13:49:58","date_gmt":"2014-08-19T10:49:58","guid":{"rendered":"http:\/\/www.sana.sy\/tr\/?p=7696"},"modified":"2014-08-19T13:49:58","modified_gmt":"2014-08-19T10:49:58","slug":"laricani-amerika-bolgedeki-varligini-kanitlamak-icin-her-firsati-deniyor","status":"publish","type":"post","link":"https:\/\/archive.sana.sy\/tr\/?p=7696","title":{"rendered":"Laricani: Amerika B\u00f6lgedeki Varl\u0131\u011f\u0131n\u0131 Kan\u0131tlamak \u0130\u00e7in Her F\u0131rsat\u0131 Deniyor"},"content":{"rendered":"<p>TAHRAN \u2013 \u0130ran \u015eura Meclisi Ba\u015fkan\u0131 Ali Laricani, Amerika\u2019n\u0131n b\u00f6lgedeki varl\u0131\u011f\u0131n\u0131 tespit etmek ve \u00fclkelerinin i\u00e7 i\u015flerine m\u00fcdahale etmek i\u00e7in hi\u00e7 bir f\u0131rsat\u0131 ka\u00e7\u0131rmad\u0131\u011f\u0131n\u0131 belirtti.<\/p>\n<p>\u0130ran \u015eura Meclisinin d\u00fczenledi\u011fi a\u00e7\u0131k oturumda yapt\u0131\u011f\u0131 konu\u015fmas\u0131nda Laricani, Amerika\u2019n\u0131n eski \u00fcsluplar\u0131ndan de\u011fi\u015fik bir form\u00fcl ve \u00fcslupla b\u00f6lgede kendini kan\u0131tlamaya \u00e7al\u0131\u015ft\u0131\u011f\u0131n\u0131 \u00f6yle ki, Amerika\u2019n\u0131n son y\u0131llarda olaylara tan\u0131k olan baz\u0131 \u00fclkelerde maceraya girdi\u011fini s\u00f6yledi.<\/p>\n<p>19 A\u011fustos 1953 y\u0131l\u0131nda ulusalc\u0131 Muhammed Musdik h\u00fck\u00fcmetini devirerek yerine \u015eah rejimini 2. kez y\u00f6netime getiren inkilaba i\u015faret eden Laricani, bu darbenin Amerika\u2019n\u0131n yeni komplolar\u0131 ve hilelerinin b\u00f6lge siyaset\u00e7ileri ve halklar\u0131n\u0131 aldatmamas\u0131 y\u00f6n\u00fcyle i\u00e7erdeki politikac\u0131lara ve b\u00f6lgedeki \u0130slam halklar\u0131na ibret te\u015fkil edece\u011fine i\u015faret etti.<\/p>\n<p>Laricani, Amerika ile \u0130ngiltere\u2019nin 1951 y\u0131l\u0131nda \u0130ran\u2019\u0131n petrol\u00fc kamula\u015ft\u0131rmas\u0131yla \u0130ran kap\u0131s\u0131ndan kovulduklar\u0131n\u0131 ancak Amerika\u2019n\u0131n 1953 y\u0131l\u0131ndaki darbeyle pencereden girdi\u011fine bu y\u00fczden darbenin ba\u015fta gen\u00e7ler olmak \u00fczere \u0130ranl\u0131 halk\u0131n\u0131n \u00f6nemine haiz olmas\u0131 gerekti\u011fini.<\/p>\n","protected":false},"excerpt":{"rendered":"<p>TAHRAN \u2013 \u0130ran \u015eura Meclisi Ba\u015fkan\u0131 Ali Laricani, Amerika\u2019n\u0131n b\u00f6lgedeki varl\u0131\u011f\u0131n\u0131 tespit etmek ve \u00fclkelerinin i\u00e7 i\u015flerine m\u00fcdahale etmek i\u00e7in hi\u00e7 bir f\u0131rsat\u0131 ka\u00e7\u0131rmad\u0131\u011f\u0131n\u0131 belirtti. \u0130ran \u015eura Meclisinin d\u00fczenledi\u011fi a\u00e7\u0131k oturumda yapt\u0131\u011f\u0131 konu\u015fmas\u0131nda Laricani, Amerika\u2019n\u0131n eski \u00fcsluplar\u0131ndan de\u011fi\u015fik bir form\u00fcl ve \u00fcslupla b\u00f6lgede kendini kan\u0131tlamaya \u00e7al\u0131\u015ft\u0131\u011f\u0131n\u0131 \u00f6yle ki, Amerika\u2019n\u0131n son y\u0131llarda olaylara tan\u0131k olan baz\u0131 &hellip;<\/p>\n","protected":false},"author":1,"featured_media":7477,"comment_status":"closed","ping_status":"closed","sticky":false,"template":"","format":"standard","meta":{"footnotes":""},"categories":[458,459,447],"tags":[1719],"class_list":["post-7696","post","type-post","status-publish","format-standard","has-post-thumbnail","","category-dunya1","category-haberler-arap-uluslararasi-politika","category-politika","tag-laricani-amerika-bolgedeki-varligini-kanitlamak-icin-her-firsati-deniyor"],"_links":{"self":[{"href":"https:\/\/archive.sana.sy\/tr\/index.php?rest_route=\/wp\/v2\/posts\/7696","targetHints":{"allow":["GET"]}}],"collection":[{"href":"https:\/\/archive.sana.sy\/tr\/index.php?rest_route=\/wp\/v2\/posts"}],"about":[{"href":"https:\/\/archive.sana.sy\/tr\/index.php?rest_route=\/wp\/v2\/types\/post"}],"author":[{"embeddable":true,"href":"https:\/\/archive.sana.sy\/tr\/index.php?rest_route=\/wp\/v2\/users\/1"}],"replies":[{"embeddable":true,"href":"https:\/\/archive.sana.sy\/tr\/index.php?rest_route=%2Fwp%2Fv2%2Fcomments&post=7696"}],"version-history":[{"count":0,"href":"https:\/\/archive.sana.sy\/tr\/index.php?rest_route=\/wp\/v2\/posts\/7696\/revisions"}],"wp:featuredmedia":[{"embeddable":true,"href":"https:\/\/archive.sana.sy\/tr\/index.php?rest_route=\/wp\/v2\/media\/7477"}],"wp:attachment":[{"href":"https:\/\/archive.sana.sy\/tr\/index.php?rest_route=%2Fwp%2Fv2%2Fmedia&parent=7696"}],"wp:term":[{"taxonomy":"category","embeddable":true,"href":"https:\/\/archive.sana.sy\/tr\/index.php?rest_route=%2Fwp%2Fv2%2Fcategories&post=7696"},{"taxonomy":"post_tag","embeddable":true,"href":"https:\/\/archive.sana.sy\/tr\/index.php?rest_route=%2Fwp%2Fv2%2Ftags&post=7696"}],"curies":[{"name":"wp","href":"https:\/\/api.w.org\/{rel}","templated":true}]}}