{"id":76976,"date":"2016-06-19T13:06:14","date_gmt":"2016-06-19T10:06:14","guid":{"rendered":"http:\/\/www.sana.sy\/tr\/?p=76976"},"modified":"2016-06-20T12:12:22","modified_gmt":"2016-06-20T09:12:22","slug":"kanun-kacagi-105-kisi-serbest-birakildi","status":"publish","type":"post","link":"https:\/\/archive.sana.sy\/tr\/?p=76976","title":{"rendered":"Kanun Ka\u00e7a\u011f\u0131 105 Ki\u015fi Serbest B\u0131rak\u0131ld\u0131"},"content":{"rendered":"<p>HOMS \u2013 Ulusal uzla\u015fma \u00e7abalar\u0131 kapsam\u0131nda Homs Kentinin muhtelif semtlerine ek olarak il k\u0131rsal\u0131n\u0131n Tel Kelah, Resten, Husn ve Telbise b\u00f6lgelerinde teslim olan kanun ka\u00e7a\u011f\u0131 105 ki\u015fi bug\u00fcn serbest b\u0131rak\u0131ld\u0131.<\/p>\n<p>Kanun ka\u00e7aklar\u0131n\u0131n kanuni durumlar\u0131 yeniden d\u00fczenlenip serbest b\u0131rak\u0131lmalar\u0131ndan \u00f6nce ulusal g\u00fcvenli\u011fi tehdit edecek herhangi bir eyleme kat\u0131lmama taahh\u00fcd\u00fc imzalad\u0131lar.<\/p>\n","protected":false},"excerpt":{"rendered":"<p>HOMS \u2013 Ulusal uzla\u015fma \u00e7abalar\u0131 kapsam\u0131nda Homs Kentinin muhtelif semtlerine ek olarak il k\u0131rsal\u0131n\u0131n Tel Kelah, Resten, Husn ve Telbise b\u00f6lgelerinde teslim olan kanun ka\u00e7a\u011f\u0131 105 ki\u015fi bug\u00fcn serbest b\u0131rak\u0131ld\u0131. Kanun ka\u00e7aklar\u0131n\u0131n kanuni durumlar\u0131 yeniden d\u00fczenlenip serbest b\u0131rak\u0131lmalar\u0131ndan \u00f6nce ulusal g\u00fcvenli\u011fi tehdit edecek herhangi bir eyleme kat\u0131lmama taahh\u00fcd\u00fc imzalad\u0131lar.<\/p>\n","protected":false},"author":1,"featured_media":76978,"comment_status":"closed","ping_status":"closed","sticky":false,"template":"","format":"standard","meta":{"footnotes":""},"categories":[479,575,17988,478],"tags":[21869],"class_list":["post-76976","post","type-post","status-publish","format-standard","has-post-thumbnail","","category-haberler-yerel","category-olaylar-ve-gercekler","category-son-haberler","category-yerel","tag-kanun-kacagi-105-kisi-serbest-birakildi"],"_links":{"self":[{"href":"https:\/\/archive.sana.sy\/tr\/index.php?rest_route=\/wp\/v2\/posts\/76976","targetHints":{"allow":["GET"]}}],"collection":[{"href":"https:\/\/archive.sana.sy\/tr\/index.php?rest_route=\/wp\/v2\/posts"}],"about":[{"href":"https:\/\/archive.sana.sy\/tr\/index.php?rest_route=\/wp\/v2\/types\/post"}],"author":[{"embeddable":true,"href":"https:\/\/archive.sana.sy\/tr\/index.php?rest_route=\/wp\/v2\/users\/1"}],"replies":[{"embeddable":true,"href":"https:\/\/archive.sana.sy\/tr\/index.php?rest_route=%2Fwp%2Fv2%2Fcomments&post=76976"}],"version-history":[{"count":0,"href":"https:\/\/archive.sana.sy\/tr\/index.php?rest_route=\/wp\/v2\/posts\/76976\/revisions"}],"wp:featuredmedia":[{"embeddable":true,"href":"https:\/\/archive.sana.sy\/tr\/index.php?rest_route=\/wp\/v2\/media\/76978"}],"wp:attachment":[{"href":"https:\/\/archive.sana.sy\/tr\/index.php?rest_route=%2Fwp%2Fv2%2Fmedia&parent=76976"}],"wp:term":[{"taxonomy":"category","embeddable":true,"href":"https:\/\/archive.sana.sy\/tr\/index.php?rest_route=%2Fwp%2Fv2%2Fcategories&post=76976"},{"taxonomy":"post_tag","embeddable":true,"href":"https:\/\/archive.sana.sy\/tr\/index.php?rest_route=%2Fwp%2Fv2%2Ftags&post=76976"}],"curies":[{"name":"wp","href":"https:\/\/api.w.org\/{rel}","templated":true}]}}