{"id":7703,"date":"2014-08-19T14:18:19","date_gmt":"2014-08-19T11:18:19","guid":{"rendered":"http:\/\/www.sana.sy\/tr\/?p=7703"},"modified":"2014-08-19T14:18:19","modified_gmt":"2014-08-19T11:18:19","slug":"disisleri-ve-gurbetciler-bakani-yardimcisi-faysal-mikdat-suriye-terorle-mucadele-ettigini-iddia-eden-lakin-finanse-eden-destekleyen-ve-barindiran-ulkelerle-degil-gercekten-mucadele-eden-he","status":"publish","type":"post","link":"https:\/\/archive.sana.sy\/tr\/?p=7703","title":{"rendered":"D\u0131\u015fi\u015fleri ve Gurbet\u00e7iler Bakan\u0131 Yard\u0131mc\u0131s\u0131 Faysal Mikdat: \u201cSuriye, ter\u00f6rle m\u00fccadele etti\u011fini iddia eden lakin finanse eden, destekleyen ve bar\u0131nd\u0131ran \u00fclkelerle de\u011fil ger\u00e7ekten m\u00fccadele eden her \u00fclkeyle teredd\u00fct etmeden i\u015fbirli\u011fi i\u00e7erisinde olacakt\u0131r\u201d dedi."},"content":{"rendered":"<p>D\u0131\u015fi\u015fleri ve Gurbet\u00e7iler Bakan\u0131 Yard\u0131mc\u0131s\u0131 Faysal Mikdat: \u201cSuriye, ter\u00f6rle m\u00fccadele etti\u011fini iddia eden lakin finanse eden, destekleyen ve bar\u0131nd\u0131ran \u00fclkelerle de\u011fil ger\u00e7ekten m\u00fccadele eden her \u00fclkeyle teredd\u00fct etmeden i\u015fbirli\u011fi i\u00e7erisinde olacakt\u0131r\u201d dedi.<\/p>\n","protected":false},"excerpt":{"rendered":"<p>D\u0131\u015fi\u015fleri ve Gurbet\u00e7iler Bakan\u0131 Yard\u0131mc\u0131s\u0131 Faysal Mikdat: \u201cSuriye, ter\u00f6rle m\u00fccadele etti\u011fini iddia eden lakin finanse eden, destekleyen ve bar\u0131nd\u0131ran \u00fclkelerle de\u011fil ger\u00e7ekten m\u00fccadele eden her \u00fclkeyle teredd\u00fct etmeden i\u015fbirli\u011fi i\u00e7erisinde olacakt\u0131r\u201d dedi.<\/p>\n","protected":false},"author":1,"featured_media":0,"comment_status":"closed","ping_status":"closed","sticky":false,"template":"","format":"standard","meta":{"footnotes":""},"categories":[1],"tags":[1723,1721,1722],"class_list":["post-7703","post","type-post","status-publish","format-standard","","category-news-not-sorted","tag-destekleyen-ve-barindiran-ulkelerle-degil-gercekten-mucadele-eden-her-ulkeyle-tereddut-etmeden-isbirligi-icerisinde-olacaktir-dedi","tag-disisleri-ve-gurbetciler-bakani-yardimcisi-faysal-mikdat-suriye","tag-terorle-mucadele-ettigini-iddia-eden-lakin-finanse-eden"],"_links":{"self":[{"href":"https:\/\/archive.sana.sy\/tr\/index.php?rest_route=\/wp\/v2\/posts\/7703","targetHints":{"allow":["GET"]}}],"collection":[{"href":"https:\/\/archive.sana.sy\/tr\/index.php?rest_route=\/wp\/v2\/posts"}],"about":[{"href":"https:\/\/archive.sana.sy\/tr\/index.php?rest_route=\/wp\/v2\/types\/post"}],"author":[{"embeddable":true,"href":"https:\/\/archive.sana.sy\/tr\/index.php?rest_route=\/wp\/v2\/users\/1"}],"replies":[{"embeddable":true,"href":"https:\/\/archive.sana.sy\/tr\/index.php?rest_route=%2Fwp%2Fv2%2Fcomments&post=7703"}],"version-history":[{"count":0,"href":"https:\/\/archive.sana.sy\/tr\/index.php?rest_route=\/wp\/v2\/posts\/7703\/revisions"}],"wp:attachment":[{"href":"https:\/\/archive.sana.sy\/tr\/index.php?rest_route=%2Fwp%2Fv2%2Fmedia&parent=7703"}],"wp:term":[{"taxonomy":"category","embeddable":true,"href":"https:\/\/archive.sana.sy\/tr\/index.php?rest_route=%2Fwp%2Fv2%2Fcategories&post=7703"},{"taxonomy":"post_tag","embeddable":true,"href":"https:\/\/archive.sana.sy\/tr\/index.php?rest_route=%2Fwp%2Fv2%2Ftags&post=7703"}],"curies":[{"name":"wp","href":"https:\/\/api.w.org\/{rel}","templated":true}]}}