{"id":77125,"date":"2016-06-20T20:41:41","date_gmt":"2016-06-20T17:41:41","guid":{"rendered":"http:\/\/www.sana.sy\/tr\/?p=77125"},"modified":"2016-06-20T20:41:41","modified_gmt":"2016-06-20T17:41:41","slug":"ordu-ve-silahli-kuvvetler-genel-komutani-orgeneral-bessar-el-esadin-talimatlari-dogrultusunda-genelkurmay-baskani-korgeneral-ali-abdullah-eyup-halep-ve-kirsalinin-yani-sira-rakka-kirsalinin-b","status":"publish","type":"post","link":"https:\/\/archive.sana.sy\/tr\/?p=77125","title":{"rendered":"Ordu ve Silahl\u0131 Kuvvetler Genel Komutan\u0131 Orgeneral Be\u015f\u015far el Esad\u2019\u0131n talimatlar\u0131 do\u011frultusunda Genelkurmay Ba\u015fkan\u0131 Korgeneral Ali Abdullah Ey\u00fcp Halep ve k\u0131rsal\u0131n\u0131n yan\u0131 s\u0131ra Rakka k\u0131rsal\u0131n\u0131n bat\u0131s\u0131 Esriya \u2013 Tabaka ekseninde \u00e7okuluslu tekfirci ter\u00f6re kar\u015f\u0131 Suriye ve halk\u0131n\u0131 savunan ordu birliklerimizi ve askeri mevkilere saha gezilerinde bulundu"},"content":{"rendered":"<p>Ordu ve Silahl\u0131 Kuvvetler Genel Komutan\u0131 Orgeneral Be\u015f\u015far el Esad\u2019\u0131n talimatlar\u0131 do\u011frultusunda Genelkurmay Ba\u015fkan\u0131 Korgeneral Ali Abdullah Ey\u00fcp Halep ve k\u0131rsal\u0131n\u0131n yan\u0131 s\u0131ra Rakka k\u0131rsal\u0131n\u0131n bat\u0131s\u0131 Esriya \u2013 Tabaka ekseninde \u00e7okuluslu tekfirci ter\u00f6re kar\u015f\u0131 Suriye ve halk\u0131n\u0131 savunan ordu birliklerimizi ve askeri mevkilere saha gezilerinde bulundu<\/p>\n","protected":false},"excerpt":{"rendered":"<p>Ordu ve Silahl\u0131 Kuvvetler Genel Komutan\u0131 Orgeneral Be\u015f\u015far el Esad\u2019\u0131n talimatlar\u0131 do\u011frultusunda Genelkurmay Ba\u015fkan\u0131 Korgeneral Ali Abdullah Ey\u00fcp Halep ve k\u0131rsal\u0131n\u0131n yan\u0131 s\u0131ra Rakka k\u0131rsal\u0131n\u0131n bat\u0131s\u0131 Esriya \u2013 Tabaka ekseninde \u00e7okuluslu tekfirci ter\u00f6re kar\u015f\u0131 Suriye ve halk\u0131n\u0131 savunan ordu birliklerimizi ve askeri mevkilere saha gezilerinde bulundu<\/p>\n","protected":false},"author":1,"featured_media":0,"comment_status":"closed","ping_status":"closed","sticky":false,"template":"","format":"standard","meta":{"footnotes":""},"categories":[17991],"tags":[],"class_list":["post-77125","post","type-post","status-publish","format-standard","","category-son-dakika"],"_links":{"self":[{"href":"https:\/\/archive.sana.sy\/tr\/index.php?rest_route=\/wp\/v2\/posts\/77125","targetHints":{"allow":["GET"]}}],"collection":[{"href":"https:\/\/archive.sana.sy\/tr\/index.php?rest_route=\/wp\/v2\/posts"}],"about":[{"href":"https:\/\/archive.sana.sy\/tr\/index.php?rest_route=\/wp\/v2\/types\/post"}],"author":[{"embeddable":true,"href":"https:\/\/archive.sana.sy\/tr\/index.php?rest_route=\/wp\/v2\/users\/1"}],"replies":[{"embeddable":true,"href":"https:\/\/archive.sana.sy\/tr\/index.php?rest_route=%2Fwp%2Fv2%2Fcomments&post=77125"}],"version-history":[{"count":0,"href":"https:\/\/archive.sana.sy\/tr\/index.php?rest_route=\/wp\/v2\/posts\/77125\/revisions"}],"wp:attachment":[{"href":"https:\/\/archive.sana.sy\/tr\/index.php?rest_route=%2Fwp%2Fv2%2Fmedia&parent=77125"}],"wp:term":[{"taxonomy":"category","embeddable":true,"href":"https:\/\/archive.sana.sy\/tr\/index.php?rest_route=%2Fwp%2Fv2%2Fcategories&post=77125"},{"taxonomy":"post_tag","embeddable":true,"href":"https:\/\/archive.sana.sy\/tr\/index.php?rest_route=%2Fwp%2Fv2%2Ftags&post=77125"}],"curies":[{"name":"wp","href":"https:\/\/api.w.org\/{rel}","templated":true}]}}