{"id":77133,"date":"2016-06-20T21:00:12","date_gmt":"2016-06-20T18:00:12","guid":{"rendered":"http:\/\/www.sana.sy\/tr\/?p=77133"},"modified":"2016-06-21T19:42:39","modified_gmt":"2016-06-21T16:42:39","slug":"halep-ve-rakka-kirsalinda-saha-incelemelerinde-bulundu","status":"publish","type":"post","link":"https:\/\/archive.sana.sy\/tr\/?p=77133","title":{"rendered":"Halep ve Rakka K\u0131rsal\u0131nda Saha \u0130ncelemelerinde Bulundu (video)"},"content":{"rendered":"<p>HALEP \u2013 Ordu ve Silahl\u0131 Kuvvetler Genel Komutan\u0131 Orgeneral Be\u015f\u015far el Esad\u2019\u0131n talimatlar\u0131 do\u011frultusunda Genelkurmay Ba\u015fkan\u0131 Korgeneral Ali Abdullah Ey\u00fcp Halep ve k\u0131rsal\u0131n\u0131n yan\u0131 s\u0131ra Rakka k\u0131rsal\u0131n\u0131n bat\u0131s\u0131 Esriya \u2013 Tabaka ekseninde \u00e7okuluslu tekfirci ter\u00f6re kar\u015f\u0131 Suriye ve halk\u0131n\u0131 savunan ordu birliklerimizi ve askeri mevkilere saha gezilerinde bulundu.<\/p>\n<p>Genel komutanl\u0131kta \u00fcst d\u00fczey subay ve generallerin e\u015fli\u011finde ger\u00e7ekle\u015ftirdi\u011fi saha incelemelerinde Korgeneral Ey\u00fcp; ordu birliklerimizin g\u00f6revlerini en iyi \u015fekilde icra etmeleri haz\u0131rl\u0131klar\u0131n\u0131 ve durumlar\u0131n\u0131 inceledi. Kahraman askerlerimiz ve saha komutanlar\u0131yla da bir araya gelen Genelkurmay Ba\u015fkan\u0131; operasyonlar\u0131n seyri hakk\u0131nda durum ve vaziyetleri hakk\u0131nda bilgi almas\u0131 ard\u0131nda gerekli y\u00f6nlendirmelerde bulundu. Saha komutanlar\u0131ndan operasyonlar\u0131n seyri hakk\u0131nda ayr\u0131nt\u0131l\u0131 bilgi alan Genelkurmay Ba\u015fkan\u0131 Ey\u00fcp; bu operasyonlar\u0131n geli\u015ftirilmesi amac\u0131yla haz\u0131rlanan planlar hakk\u0131nda da bilgi ald\u0131.<\/p>\n<p>Genelkurmay Ba\u015fkan\u0131 Korgeneral Ey\u00fcp; Cumhurba\u015fkan\u0131 el Esad\u2019\u0131n ordu birliklerimizin ter\u00f6re kar\u015f\u0131 kahramanca sava\u015f\u0131 ve sa\u011flad\u0131klar\u0131 ba\u015far\u0131lardan memnuniyetini ifade ederken, kendisinin iyi dileklerini vatan koruyucular\u0131m\u0131za aktard\u0131. Suriye halk\u0131n\u0131n ordu birliklerimizden b\u00fcy\u00fck bir gurur duydu\u011funa dikkat \u00e7eken Korgeneral Ey\u00fcp; Suriye&#8217;nin egemenlik ve ba\u011f\u0131ms\u0131zl\u0131\u011f\u0131n\u0131n korunmas\u0131yla birlikte zay\u0131flat\u0131lmas\u0131n\u0131 hedef alan d\u0131\u015f planlara kar\u015f\u0131 ordu birliklerimizin rol\u00fcne vurgu yapt\u0131.<\/p>\n<p>Suriye ve halk\u0131n\u0131n g\u00fcvenli\u011fini kahramanca savunan ordu birliklerimizin ter\u00f6r ve d\u0131\u015f planlara kar\u015f\u0131 sava\u015fta sahip olduklar\u0131 y\u00fcksek psikoloji ve kararl\u0131l\u0131\u011f\u0131n takdire \u015fayan oldu\u011funu ifade eden Ey\u00fcp; bu azim ve kararl\u0131l\u0131k kar\u015f\u0131s\u0131nda ter\u00f6r \u00f6rg\u00fctleri ve i\u015fverenlerinin planlar\u0131n\u0131n ba\u015far\u0131s\u0131zl\u0131ktan ba\u015fka \u015fans\u0131 olmad\u0131\u011f\u0131na dikkat \u00e7ekti.<\/p>\n<p>Bu evrensel sava\u015f\u0131n sonunda \u015fanl\u0131 bir m\u00fccadele veren Suriye ve ordusunun onur verici bir zafer kazanmas\u0131n\u0131n ka\u00e7\u0131n\u0131lmaz oldu\u011funu belirten Genelkurmay Ba\u015fkan\u0131 Ey\u00fcp; vatan topraklar\u0131n\u0131n istisnas\u0131z her kar\u0131\u015f\u0131n\u0131n kahraman ordumuzun ba\u015far\u0131lar\u0131yla ter\u00f6rden temizlenip egemenli\u011fini korunaca\u011f\u0131n\u0131 vurgulad\u0131.<\/p>\n<p>https:\/\/www.youtube.com\/watch?v=8K-4-d5VANg<\/p>\n<p>&nbsp;<\/p>\n<p>&nbsp;<\/p>\n","protected":false},"excerpt":{"rendered":"<p>HALEP \u2013 Ordu ve Silahl\u0131 Kuvvetler Genel Komutan\u0131 Orgeneral Be\u015f\u015far el Esad\u2019\u0131n talimatlar\u0131 do\u011frultusunda Genelkurmay Ba\u015fkan\u0131 Korgeneral Ali Abdullah Ey\u00fcp Halep ve k\u0131rsal\u0131n\u0131n yan\u0131 s\u0131ra Rakka k\u0131rsal\u0131n\u0131n bat\u0131s\u0131 Esriya \u2013 Tabaka ekseninde \u00e7okuluslu tekfirci ter\u00f6re kar\u015f\u0131 Suriye ve halk\u0131n\u0131 savunan ordu birliklerimizi ve askeri mevkilere saha gezilerinde bulundu. Genel komutanl\u0131kta \u00fcst d\u00fczey subay ve generallerin &hellip;<\/p>\n","protected":false},"author":1,"featured_media":77200,"comment_status":"closed","ping_status":"closed","sticky":false,"template":"","format":"standard","meta":{"footnotes":""},"categories":[479,17988,478],"tags":[17699,21894],"class_list":["post-77133","post","type-post","status-publish","format-standard","has-post-thumbnail","","category-haberler-yerel","category-son-haberler","category-yerel","tag-genelkurmay-baskani-korgeneral-ali-abdullah-eyup","tag-halep-ve-rakka-kirsalinda-saha-incelemelerinde-bulundu"],"_links":{"self":[{"href":"https:\/\/archive.sana.sy\/tr\/index.php?rest_route=\/wp\/v2\/posts\/77133","targetHints":{"allow":["GET"]}}],"collection":[{"href":"https:\/\/archive.sana.sy\/tr\/index.php?rest_route=\/wp\/v2\/posts"}],"about":[{"href":"https:\/\/archive.sana.sy\/tr\/index.php?rest_route=\/wp\/v2\/types\/post"}],"author":[{"embeddable":true,"href":"https:\/\/archive.sana.sy\/tr\/index.php?rest_route=\/wp\/v2\/users\/1"}],"replies":[{"embeddable":true,"href":"https:\/\/archive.sana.sy\/tr\/index.php?rest_route=%2Fwp%2Fv2%2Fcomments&post=77133"}],"version-history":[{"count":0,"href":"https:\/\/archive.sana.sy\/tr\/index.php?rest_route=\/wp\/v2\/posts\/77133\/revisions"}],"wp:featuredmedia":[{"embeddable":true,"href":"https:\/\/archive.sana.sy\/tr\/index.php?rest_route=\/wp\/v2\/media\/77200"}],"wp:attachment":[{"href":"https:\/\/archive.sana.sy\/tr\/index.php?rest_route=%2Fwp%2Fv2%2Fmedia&parent=77133"}],"wp:term":[{"taxonomy":"category","embeddable":true,"href":"https:\/\/archive.sana.sy\/tr\/index.php?rest_route=%2Fwp%2Fv2%2Fcategories&post=77133"},{"taxonomy":"post_tag","embeddable":true,"href":"https:\/\/archive.sana.sy\/tr\/index.php?rest_route=%2Fwp%2Fv2%2Ftags&post=77133"}],"curies":[{"name":"wp","href":"https:\/\/api.w.org\/{rel}","templated":true}]}}