{"id":7714,"date":"2014-08-19T12:00:34","date_gmt":"2014-08-19T09:00:34","guid":{"rendered":"http:\/\/www.sana.sy\/tr\/?p=7714"},"modified":"2014-08-20T16:13:59","modified_gmt":"2014-08-20T13:13:59","slug":"cin-hukumetinden-suriye-halkina-tibbi-yardim","status":"publish","type":"post","link":"https:\/\/archive.sana.sy\/tr\/?p=7714","title":{"rendered":"\u00c7in H\u00fck\u00fcmetinden Suriye Halk\u0131na T\u0131bbi Yard\u0131m"},"content":{"rendered":"<p>\u015eAM \u2013 Suriye Arap K\u0131z\u0131lay \u00d6rg\u00fct\u00fc bug\u00fcn \u00c7in Halk Cumhuriyeti h\u00fck\u00fcmetinden 20 milyon Yuan (yakla\u015f\u0131k 3 milyon dolar) de\u011ferinde acil t\u0131bbi yard\u0131mlar teslim ald\u0131.<\/p>\n<p>K\u0131z\u0131lay \u00d6rg\u00fct\u00fcn\u00fcn Suriye dahilinde ter\u00f6r ma\u011fdurlar\u0131na verdi\u011fi hizmetlerde kullanaca\u011f\u0131 s\u00f6z konusu t\u0131bbi yard\u0131mlar\u0131n antibiyotik, ilkyard\u0131m ve pansuman gere\u00e7leri, kan ta\u015f\u0131ma malzemeleri, ate\u015f \u00f6l\u00e7me cihazlar\u0131, tansiyon cihazlar\u0131, t\u0131bbi pamuk, serum, enjekt\u00f6r ve t\u0131bbi eldivenlerden olu\u015ftu\u011fu belirtildi.<\/p>\n<p>S\u00f6z konusu t\u0131bbi yard\u0131mlar\u0131 teslim alma belgesini \u00c7in\u2019in \u015eam B\u00fcy\u00fckel\u00e7isi Wang Kejian ile birlikte imzalayan K\u0131z\u0131lay \u00d6rg\u00fct\u00fc Ba\u015fkan\u0131 Abd\u00fcrrahman Attar; s\u00f6z konusu yard\u0131mlar\u0131n istisnas\u0131z Suriye&#8217;nin her yerinde ter\u00f6rden zarar g\u00f6renlere ula\u015ft\u0131r\u0131laca\u011f\u0131n\u0131 belirtti.<\/p>\n<p>Attar Suriye h\u00fck\u00fcmetinin ter\u00f6ristlerin bulundu\u011fu ve g\u00fcvenli olmayan b\u00f6lgeler dahil olmak \u00fczere yurdun her yerine t\u0131bbi ve insani yard\u0131mlar\u0131n\u0131 ula\u015ft\u0131rd\u0131\u011f\u0131na vurgu yaparken; K\u0131z\u0131lay\u2019\u0131n insani \u00e7al\u0131\u015fmalar\u0131nda tarafs\u0131zl\u0131\u011fa ba\u011fl\u0131 kald\u0131\u011f\u0131n\u0131 ve bug\u00fcne dek kadrosundan 38 \u015fehit verdi\u011fini s\u00f6yledi.<\/p>\n<p>Teslim belgesini imzalamas\u0131 ard\u0131ndan bas\u0131na a\u00e7\u0131klama yapan \u00c7in B\u00fcy\u00fckel\u00e7isi Wang; takdim edilen t\u0131bbi yard\u0131mlar\u0131n, Suriye halk\u0131n\u0131n ter\u00f6r nedeniyle ya\u015fad\u0131\u011f\u0131 ac\u0131lar\u0131 hafifletmeye katk\u0131da bulunmas\u0131 temennilerinde bulunurken; \u00c7in halk\u0131n\u0131n Suriye halk\u0131n\u0131n ter\u00f6r nedeniyle ya\u015fad\u0131\u011f\u0131 bu ac\u0131lardan \u00fcz\u00fcnt\u00fc duydu\u011funu ifade etti.<\/p>\n<p>Wang; \u00c7in h\u00fck\u00fcmetinin Suriye&#8217;deki insani durumlar\u0131 yak\u0131ndan takip edip iyile\u015ftirilmesi y\u00f6n\u00fcnde yo\u011fun \u00e7abalar harcad\u0131\u011f\u0131n\u0131 belirtirken; Suriye&#8217;deki krizin herhangi bir d\u0131\u015f m\u00fcdahale olmaks\u0131z\u0131n Suriyelilerin komutas\u0131nda siyasi yollarla \u00e7\u00f6z\u00fclmesinin ka\u00e7\u0131n\u0131lmazl\u0131\u011f\u0131 konusunda \u00c7in\u2019in tutumunu bir kez daha vurgulad\u0131.<\/p>\n<div id='gallery-1' class='gallery galleryid-7714 gallery-columns-3 gallery-size-thumbnail'><figure class='gallery-item'>\n\t\t\t<div class='gallery-icon portrait'>\n\t\t\t\t<a href='https:\/\/archive.sana.sy\/tr\/wp-content\/uploads\/2014\/08\/Attar1.jpg'><img loading=\"lazy\" decoding=\"async\" width=\"100\" height=\"150\" src=\"https:\/\/archive.sana.sy\/tr\/wp-content\/uploads\/2014\/08\/Attar1-100x150.jpg\" class=\"attachment-thumbnail size-thumbnail\" alt=\"\" srcset=\"https:\/\/archive.sana.sy\/tr\/wp-content\/uploads\/2014\/08\/Attar1-100x150.jpg 100w, https:\/\/archive.sana.sy\/tr\/wp-content\/uploads\/2014\/08\/Attar1-200x300.jpg 200w, https:\/\/archive.sana.sy\/tr\/wp-content\/uploads\/2014\/08\/Attar1-685x1024.jpg 685w\" sizes=\"auto, (max-width: 100px) 100vw, 100px\" \/><\/a>\n\t\t\t<\/div><\/figure><figure class='gallery-item'>\n\t\t\t<div class='gallery-icon landscape'>\n\t\t\t\t<a href='https:\/\/archive.sana.sy\/tr\/wp-content\/uploads\/2014\/08\/\u00c7n-b\u00fcy\u00fckel\u00e7isi.jpg'><img loading=\"lazy\" decoding=\"async\" width=\"150\" height=\"102\" src=\"https:\/\/archive.sana.sy\/tr\/wp-content\/uploads\/2014\/08\/\u00c7n-b\u00fcy\u00fckel\u00e7isi-150x102.jpg\" class=\"attachment-thumbnail size-thumbnail\" alt=\"\" srcset=\"https:\/\/archive.sana.sy\/tr\/wp-content\/uploads\/2014\/08\/\u00c7n-b\u00fcy\u00fckel\u00e7isi-150x102.jpg 150w, https:\/\/archive.sana.sy\/tr\/wp-content\/uploads\/2014\/08\/\u00c7n-b\u00fcy\u00fckel\u00e7isi-300x205.jpg 300w, https:\/\/archive.sana.sy\/tr\/wp-content\/uploads\/2014\/08\/\u00c7n-b\u00fcy\u00fckel\u00e7isi-1024x701.jpg 1024w\" sizes=\"auto, (max-width: 150px) 100vw, 150px\" \/><\/a>\n\t\t\t<\/div><\/figure><figure class='gallery-item'>\n\t\t\t<div class='gallery-icon landscape'>\n\t\t\t\t<a href='https:\/\/archive.sana.sy\/tr\/wp-content\/uploads\/2014\/08\/\u00e7in-yard\u0131mlar\u0131-2.jpg'><img loading=\"lazy\" decoding=\"async\" width=\"150\" height=\"79\" src=\"https:\/\/archive.sana.sy\/tr\/wp-content\/uploads\/2014\/08\/\u00e7in-yard\u0131mlar\u0131-2-150x79.jpg\" class=\"attachment-thumbnail size-thumbnail\" alt=\"\" srcset=\"https:\/\/archive.sana.sy\/tr\/wp-content\/uploads\/2014\/08\/\u00e7in-yard\u0131mlar\u0131-2-150x79.jpg 150w, https:\/\/archive.sana.sy\/tr\/wp-content\/uploads\/2014\/08\/\u00e7in-yard\u0131mlar\u0131-2-300x160.jpg 300w, https:\/\/archive.sana.sy\/tr\/wp-content\/uploads\/2014\/08\/\u00e7in-yard\u0131mlar\u0131-2.jpg 620w\" sizes=\"auto, (max-width: 150px) 100vw, 150px\" \/><\/a>\n\t\t\t<\/div><\/figure>\n\t\t<\/div>\n\n","protected":false},"excerpt":{"rendered":"<p>\u015eAM \u2013 Suriye Arap K\u0131z\u0131lay \u00d6rg\u00fct\u00fc bug\u00fcn \u00c7in Halk Cumhuriyeti h\u00fck\u00fcmetinden 20 milyon Yuan (yakla\u015f\u0131k 3 milyon dolar) de\u011ferinde acil t\u0131bbi yard\u0131mlar teslim ald\u0131. K\u0131z\u0131lay \u00d6rg\u00fct\u00fcn\u00fcn Suriye dahilinde ter\u00f6r ma\u011fdurlar\u0131na verdi\u011fi hizmetlerde kullanaca\u011f\u0131 s\u00f6z konusu t\u0131bbi yard\u0131mlar\u0131n antibiyotik, ilkyard\u0131m ve pansuman gere\u00e7leri, kan ta\u015f\u0131ma malzemeleri, ate\u015f \u00f6l\u00e7me cihazlar\u0131, tansiyon cihazlar\u0131, t\u0131bbi pamuk, serum, enjekt\u00f6r ve &hellip;<\/p>\n","protected":false},"author":1,"featured_media":7715,"comment_status":"closed","ping_status":"closed","sticky":false,"template":"","format":"standard","meta":{"footnotes":""},"categories":[596,479,478],"tags":[1725],"class_list":["post-7714","post","type-post","status-publish","format-standard","has-post-thumbnail","","category-fotografli-raporlar","category-haberler-yerel","category-yerel","tag-cin-hukumetinden-suriye-halkina-tibbi-yardim"],"_links":{"self":[{"href":"https:\/\/archive.sana.sy\/tr\/index.php?rest_route=\/wp\/v2\/posts\/7714","targetHints":{"allow":["GET"]}}],"collection":[{"href":"https:\/\/archive.sana.sy\/tr\/index.php?rest_route=\/wp\/v2\/posts"}],"about":[{"href":"https:\/\/archive.sana.sy\/tr\/index.php?rest_route=\/wp\/v2\/types\/post"}],"author":[{"embeddable":true,"href":"https:\/\/archive.sana.sy\/tr\/index.php?rest_route=\/wp\/v2\/users\/1"}],"replies":[{"embeddable":true,"href":"https:\/\/archive.sana.sy\/tr\/index.php?rest_route=%2Fwp%2Fv2%2Fcomments&post=7714"}],"version-history":[{"count":0,"href":"https:\/\/archive.sana.sy\/tr\/index.php?rest_route=\/wp\/v2\/posts\/7714\/revisions"}],"wp:featuredmedia":[{"embeddable":true,"href":"https:\/\/archive.sana.sy\/tr\/index.php?rest_route=\/wp\/v2\/media\/7715"}],"wp:attachment":[{"href":"https:\/\/archive.sana.sy\/tr\/index.php?rest_route=%2Fwp%2Fv2%2Fmedia&parent=7714"}],"wp:term":[{"taxonomy":"category","embeddable":true,"href":"https:\/\/archive.sana.sy\/tr\/index.php?rest_route=%2Fwp%2Fv2%2Fcategories&post=7714"},{"taxonomy":"post_tag","embeddable":true,"href":"https:\/\/archive.sana.sy\/tr\/index.php?rest_route=%2Fwp%2Fv2%2Ftags&post=7714"}],"curies":[{"name":"wp","href":"https:\/\/api.w.org\/{rel}","templated":true}]}}