{"id":77142,"date":"2016-06-20T21:00:09","date_gmt":"2016-06-20T18:00:09","guid":{"rendered":"http:\/\/www.sana.sy\/tr\/?p=77142"},"modified":"2016-06-21T14:26:10","modified_gmt":"2016-06-21T11:26:10","slug":"gelisi-guzel-saldirilarda-yinse-sivil-isabetler-var","status":"publish","type":"post","link":"https:\/\/archive.sana.sy\/tr\/?p=77142","title":{"rendered":"Geli\u015fi G\u00fczel Sald\u0131r\u0131larda Yinse Sivil \u0130sabetler Var"},"content":{"rendered":"<p>HALEP \u2013 D\u0131\u015f g\u00fc\u00e7ler taraf\u0131ndan desteklenip komuta edilen ter\u00f6r \u00f6rg\u00fctleri \u00e7at\u0131\u015fmalar\u0131 durdurma anla\u015fmas\u0131na ihlallerini s\u00fcrd\u00fcrerek yine sivil yerle\u015fim alanlar\u0131n\u0131 geli\u015fig\u00fczel f\u00fczelerle hedef ald\u0131lar.<\/p>\n<p>Halep Emniyet M\u00fcd\u00fcrl\u00fc\u011f\u00fcnde yetkili bir kaynak SANA\u2019ya a\u00e7\u0131klamas\u0131nda; ter\u00f6r \u00f6rg\u00fctlerin Halep Kentinin sivil yerle\u015fim alanlar\u0131ndan Halidiye Semti ve Nil Caddesine f\u00fczelerle sald\u0131rmalar\u0131 sonucunda 5 sivil vatanda\u015f\u0131n yaraland\u0131\u011f\u0131n\u0131 s\u00f6yledi. Kaynak vatanda\u015flar\u0131n evleri, i\u015f yerleri ve ara\u00e7lar\u0131na ek olarak hizmet \u015febekelerinde ciddi maddi hasarlar\u0131n olu\u015ftu\u011funu s\u00f6zlerine ekledi.<\/p>\n","protected":false},"excerpt":{"rendered":"<p>HALEP \u2013 D\u0131\u015f g\u00fc\u00e7ler taraf\u0131ndan desteklenip komuta edilen ter\u00f6r \u00f6rg\u00fctleri \u00e7at\u0131\u015fmalar\u0131 durdurma anla\u015fmas\u0131na ihlallerini s\u00fcrd\u00fcrerek yine sivil yerle\u015fim alanlar\u0131n\u0131 geli\u015fig\u00fczel f\u00fczelerle hedef ald\u0131lar. Halep Emniyet M\u00fcd\u00fcrl\u00fc\u011f\u00fcnde yetkili bir kaynak SANA\u2019ya a\u00e7\u0131klamas\u0131nda; ter\u00f6r \u00f6rg\u00fctlerin Halep Kentinin sivil yerle\u015fim alanlar\u0131ndan Halidiye Semti ve Nil Caddesine f\u00fczelerle sald\u0131rmalar\u0131 sonucunda 5 sivil vatanda\u015f\u0131n yaraland\u0131\u011f\u0131n\u0131 s\u00f6yledi. Kaynak vatanda\u015flar\u0131n evleri, i\u015f &hellip;<\/p>\n","protected":false},"author":1,"featured_media":77143,"comment_status":"closed","ping_status":"closed","sticky":false,"template":"","format":"standard","meta":{"footnotes":""},"categories":[479,575,17988,478],"tags":[21895,21896],"class_list":["post-77142","post","type-post","status-publish","format-standard","has-post-thumbnail","","category-haberler-yerel","category-olaylar-ve-gercekler","category-son-haberler","category-yerel","tag-gelisi-guzel-saldirilarda-yinse-sivil-isabetler-var","tag-halidiye-semti-ve-nil-caddesine-fuzelerle-saldirmalari-sonucunda-5-sivil-vatandasin-yaralandi"],"_links":{"self":[{"href":"https:\/\/archive.sana.sy\/tr\/index.php?rest_route=\/wp\/v2\/posts\/77142","targetHints":{"allow":["GET"]}}],"collection":[{"href":"https:\/\/archive.sana.sy\/tr\/index.php?rest_route=\/wp\/v2\/posts"}],"about":[{"href":"https:\/\/archive.sana.sy\/tr\/index.php?rest_route=\/wp\/v2\/types\/post"}],"author":[{"embeddable":true,"href":"https:\/\/archive.sana.sy\/tr\/index.php?rest_route=\/wp\/v2\/users\/1"}],"replies":[{"embeddable":true,"href":"https:\/\/archive.sana.sy\/tr\/index.php?rest_route=%2Fwp%2Fv2%2Fcomments&post=77142"}],"version-history":[{"count":0,"href":"https:\/\/archive.sana.sy\/tr\/index.php?rest_route=\/wp\/v2\/posts\/77142\/revisions"}],"wp:featuredmedia":[{"embeddable":true,"href":"https:\/\/archive.sana.sy\/tr\/index.php?rest_route=\/wp\/v2\/media\/77143"}],"wp:attachment":[{"href":"https:\/\/archive.sana.sy\/tr\/index.php?rest_route=%2Fwp%2Fv2%2Fmedia&parent=77142"}],"wp:term":[{"taxonomy":"category","embeddable":true,"href":"https:\/\/archive.sana.sy\/tr\/index.php?rest_route=%2Fwp%2Fv2%2Fcategories&post=77142"},{"taxonomy":"post_tag","embeddable":true,"href":"https:\/\/archive.sana.sy\/tr\/index.php?rest_route=%2Fwp%2Fv2%2Ftags&post=77142"}],"curies":[{"name":"wp","href":"https:\/\/api.w.org\/{rel}","templated":true}]}}