{"id":77147,"date":"2016-06-21T13:06:30","date_gmt":"2016-06-21T10:06:30","guid":{"rendered":"http:\/\/www.sana.sy\/tr\/?p=77147"},"modified":"2016-06-21T13:06:30","modified_gmt":"2016-06-21T10:06:30","slug":"teror-magdurlarina-insani-yardim-dagitildi-2","status":"publish","type":"post","link":"https:\/\/archive.sana.sy\/tr\/?p=77147","title":{"rendered":"Ter\u00f6r Ma\u011fdurlar\u0131na \u0130nsani Yard\u0131m Da\u011f\u0131t\u0131ld\u0131"},"content":{"rendered":"<p>Rusya&#8217;n\u0131n Suriye halk\u0131na g\u00f6nderdi\u011fi insani yard\u0131mlar\u0131n bir partisi \u015eam k\u0131rsal\u0131 Harcela Beldesinde \u015eam \u00c7evre Kent Valili\u011fi ile i\u015fbirli\u011fi i\u00e7inde ter\u00f6r ma\u011fduru ve ihtiya\u00e7 sahibi ailelere da\u011f\u0131t\u0131ld\u0131<\/p>\n<p>https:\/\/youtu.be\/bDOWxBVathk<\/p>\n<p>R.H.<\/p>\n<p>&nbsp;<\/p>\n","protected":false},"excerpt":{"rendered":"<p>Rusya&#8217;n\u0131n Suriye halk\u0131na g\u00f6nderdi\u011fi insani yard\u0131mlar\u0131n bir partisi \u015eam k\u0131rsal\u0131 Harcela Beldesinde \u015eam \u00c7evre Kent Valili\u011fi ile i\u015fbirli\u011fi i\u00e7inde ter\u00f6r ma\u011fduru ve ihtiya\u00e7 sahibi ailelere da\u011f\u0131t\u0131ld\u0131 https:\/\/youtu.be\/bDOWxBVathk R.H. &nbsp;<\/p>\n","protected":false},"author":1,"featured_media":77149,"comment_status":"closed","ping_status":"closed","sticky":false,"template":"","format":"standard","meta":{"footnotes":""},"categories":[18295],"tags":[21897],"class_list":["post-77147","post","type-post","status-publish","format-standard","has-post-thumbnail","","category-sana-video","tag-rusyanin-suriye-halkina-gonderdigi-insani-yardimlarin-bir-partisi-bugun-sam-kirsali-harcela-beldesinde-sam-cevre-kent-valiligi-ile-isbirligi-icinde-teror-magduru-ve-ihtiyac-sahibi-ailelere-dagitildi"],"_links":{"self":[{"href":"https:\/\/archive.sana.sy\/tr\/index.php?rest_route=\/wp\/v2\/posts\/77147","targetHints":{"allow":["GET"]}}],"collection":[{"href":"https:\/\/archive.sana.sy\/tr\/index.php?rest_route=\/wp\/v2\/posts"}],"about":[{"href":"https:\/\/archive.sana.sy\/tr\/index.php?rest_route=\/wp\/v2\/types\/post"}],"author":[{"embeddable":true,"href":"https:\/\/archive.sana.sy\/tr\/index.php?rest_route=\/wp\/v2\/users\/1"}],"replies":[{"embeddable":true,"href":"https:\/\/archive.sana.sy\/tr\/index.php?rest_route=%2Fwp%2Fv2%2Fcomments&post=77147"}],"version-history":[{"count":0,"href":"https:\/\/archive.sana.sy\/tr\/index.php?rest_route=\/wp\/v2\/posts\/77147\/revisions"}],"wp:featuredmedia":[{"embeddable":true,"href":"https:\/\/archive.sana.sy\/tr\/index.php?rest_route=\/wp\/v2\/media\/77149"}],"wp:attachment":[{"href":"https:\/\/archive.sana.sy\/tr\/index.php?rest_route=%2Fwp%2Fv2%2Fmedia&parent=77147"}],"wp:term":[{"taxonomy":"category","embeddable":true,"href":"https:\/\/archive.sana.sy\/tr\/index.php?rest_route=%2Fwp%2Fv2%2Fcategories&post=77147"},{"taxonomy":"post_tag","embeddable":true,"href":"https:\/\/archive.sana.sy\/tr\/index.php?rest_route=%2Fwp%2Fv2%2Ftags&post=77147"}],"curies":[{"name":"wp","href":"https:\/\/api.w.org\/{rel}","templated":true}]}}