{"id":77154,"date":"2016-06-21T10:17:39","date_gmt":"2016-06-21T07:17:39","guid":{"rendered":"http:\/\/www.sana.sy\/tr\/?p=77154"},"modified":"2016-06-21T14:22:24","modified_gmt":"2016-06-21T11:22:24","slug":"askeri-kaynak-sanaya-aciklamasinda-ordu-birliklerimizin-suveyda-kirsalinin-kuzeydogusu-tel-eshab-bolgesinde-isid-orgutune-ait-bir-ana-komuta-karargahinin-yani-sira-iki-mevkiini-icerdikleri-tu","status":"publish","type":"post","link":"https:\/\/archive.sana.sy\/tr\/?p=77154","title":{"rendered":"Askeri kaynak SANA\u2019ya a\u00e7\u0131klamas\u0131nda ordu birliklerimizin S\u00fcveyda k\u0131rsal\u0131n\u0131n kuzeydo\u011fusu Tel E\u015fhab B\u00f6lgesinde I\u015e\u0130D \u00d6rg\u00fct\u00fcne ait bir ana komuta karargah\u0131n\u0131n yan\u0131 s\u0131ra iki mevkiini i\u00e7erdikleri t\u00fcm ter\u00f6ristler, cephane ve ara\u00e7larla birlikte tamamen imha ettiklerini belirtti."},"content":{"rendered":"<p>Askeri kaynak SANA\u2019ya a\u00e7\u0131klamas\u0131nda ordu birliklerimizin S\u00fcveyda k\u0131rsal\u0131n\u0131n kuzeydo\u011fusu Tel E\u015fhab B\u00f6lgesinde I\u015e\u0130D \u00d6rg\u00fct\u00fcne ait bir ana komuta karargah\u0131n\u0131n yan\u0131 s\u0131ra iki mevkiini i\u00e7erdikleri t\u00fcm ter\u00f6ristler, cephane ve ara\u00e7larla birlikte tamamen imha ettiklerini belirtti.<\/p>\n","protected":false},"excerpt":{"rendered":"<p>Askeri kaynak SANA\u2019ya a\u00e7\u0131klamas\u0131nda ordu birliklerimizin S\u00fcveyda k\u0131rsal\u0131n\u0131n kuzeydo\u011fusu Tel E\u015fhab B\u00f6lgesinde I\u015e\u0130D \u00d6rg\u00fct\u00fcne ait bir ana komuta karargah\u0131n\u0131n yan\u0131 s\u0131ra iki mevkiini i\u00e7erdikleri t\u00fcm ter\u00f6ristler, cephane ve ara\u00e7larla birlikte tamamen imha ettiklerini belirtti.<\/p>\n","protected":false},"author":1,"featured_media":0,"comment_status":"closed","ping_status":"closed","sticky":false,"template":"","format":"standard","meta":{"footnotes":""},"categories":[17991],"tags":[],"class_list":["post-77154","post","type-post","status-publish","format-standard","","category-son-dakika"],"_links":{"self":[{"href":"https:\/\/archive.sana.sy\/tr\/index.php?rest_route=\/wp\/v2\/posts\/77154","targetHints":{"allow":["GET"]}}],"collection":[{"href":"https:\/\/archive.sana.sy\/tr\/index.php?rest_route=\/wp\/v2\/posts"}],"about":[{"href":"https:\/\/archive.sana.sy\/tr\/index.php?rest_route=\/wp\/v2\/types\/post"}],"author":[{"embeddable":true,"href":"https:\/\/archive.sana.sy\/tr\/index.php?rest_route=\/wp\/v2\/users\/1"}],"replies":[{"embeddable":true,"href":"https:\/\/archive.sana.sy\/tr\/index.php?rest_route=%2Fwp%2Fv2%2Fcomments&post=77154"}],"version-history":[{"count":0,"href":"https:\/\/archive.sana.sy\/tr\/index.php?rest_route=\/wp\/v2\/posts\/77154\/revisions"}],"wp:attachment":[{"href":"https:\/\/archive.sana.sy\/tr\/index.php?rest_route=%2Fwp%2Fv2%2Fmedia&parent=77154"}],"wp:term":[{"taxonomy":"category","embeddable":true,"href":"https:\/\/archive.sana.sy\/tr\/index.php?rest_route=%2Fwp%2Fv2%2Fcategories&post=77154"},{"taxonomy":"post_tag","embeddable":true,"href":"https:\/\/archive.sana.sy\/tr\/index.php?rest_route=%2Fwp%2Fv2%2Ftags&post=77154"}],"curies":[{"name":"wp","href":"https:\/\/api.w.org\/{rel}","templated":true}]}}