{"id":77166,"date":"2016-06-21T13:26:57","date_gmt":"2016-06-21T10:26:57","guid":{"rendered":"http:\/\/www.sana.sy\/tr\/?p=77166"},"modified":"2016-06-21T13:26:57","modified_gmt":"2016-06-21T10:26:57","slug":"suriyede-uretilmistir-aylik-alisveris-festivali-100-sirketin-katilimiyla-faaliyetlerine-basladi","status":"publish","type":"post","link":"https:\/\/archive.sana.sy\/tr\/?p=77166","title":{"rendered":"Suriye&#8217;de \u00dcretilmi\u015ftir ayl\u0131k al\u0131\u015fveri\u015f festivali 100 \u015firketin kat\u0131l\u0131m\u0131yla faaliyetlerine ba\u015flad\u0131"},"content":{"rendered":"<p>Suriye&#8217;de \u00dcretilmi\u015ftir ayl\u0131k al\u0131\u015fveri\u015f festivali 100 \u015firketin kat\u0131l\u0131m\u0131yla faaliyetlerine ba\u015flad\u0131<\/p>\n","protected":false},"excerpt":{"rendered":"<p>Suriye&#8217;de \u00dcretilmi\u015ftir ayl\u0131k al\u0131\u015fveri\u015f festivali 100 \u015firketin kat\u0131l\u0131m\u0131yla faaliyetlerine ba\u015flad\u0131<\/p>\n","protected":false},"author":1,"featured_media":77164,"comment_status":"closed","ping_status":"closed","sticky":false,"template":"","format":"standard","meta":{"footnotes":""},"categories":[573],"tags":[21902],"class_list":["post-77166","post","type-post","status-publish","format-standard","has-post-thumbnail","","category-goruntulu-olaylar","tag-suriyede-uretilmistir-aylik-alisveris-festivali-100-sirketin-katilimiyla-faaliyetlerine-basladi"],"_links":{"self":[{"href":"https:\/\/archive.sana.sy\/tr\/index.php?rest_route=\/wp\/v2\/posts\/77166","targetHints":{"allow":["GET"]}}],"collection":[{"href":"https:\/\/archive.sana.sy\/tr\/index.php?rest_route=\/wp\/v2\/posts"}],"about":[{"href":"https:\/\/archive.sana.sy\/tr\/index.php?rest_route=\/wp\/v2\/types\/post"}],"author":[{"embeddable":true,"href":"https:\/\/archive.sana.sy\/tr\/index.php?rest_route=\/wp\/v2\/users\/1"}],"replies":[{"embeddable":true,"href":"https:\/\/archive.sana.sy\/tr\/index.php?rest_route=%2Fwp%2Fv2%2Fcomments&post=77166"}],"version-history":[{"count":0,"href":"https:\/\/archive.sana.sy\/tr\/index.php?rest_route=\/wp\/v2\/posts\/77166\/revisions"}],"wp:featuredmedia":[{"embeddable":true,"href":"https:\/\/archive.sana.sy\/tr\/index.php?rest_route=\/wp\/v2\/media\/77164"}],"wp:attachment":[{"href":"https:\/\/archive.sana.sy\/tr\/index.php?rest_route=%2Fwp%2Fv2%2Fmedia&parent=77166"}],"wp:term":[{"taxonomy":"category","embeddable":true,"href":"https:\/\/archive.sana.sy\/tr\/index.php?rest_route=%2Fwp%2Fv2%2Fcategories&post=77166"},{"taxonomy":"post_tag","embeddable":true,"href":"https:\/\/archive.sana.sy\/tr\/index.php?rest_route=%2Fwp%2Fv2%2Ftags&post=77166"}],"curies":[{"name":"wp","href":"https:\/\/api.w.org\/{rel}","templated":true}]}}