{"id":77178,"date":"2016-06-21T11:47:18","date_gmt":"2016-06-21T08:47:18","guid":{"rendered":"http:\/\/www.sana.sy\/tr\/?p=77178"},"modified":"2016-06-22T12:08:15","modified_gmt":"2016-06-22T09:08:15","slug":"devrilerek-alevler-icinde-kaldi","status":"publish","type":"post","link":"https:\/\/archive.sana.sy\/tr\/?p=77178","title":{"rendered":"Devrilerek Alevler \u0130\u00e7inde Kald\u0131"},"content":{"rendered":"<p>\u015eAM KIRSALI \u2013 \u015eam \u00c7evre Kent Emniyet M\u00fcd\u00fcrl\u00fc\u011f\u00fcnde bir kaynak SANA\u2019ya a\u00e7\u0131klamas\u0131nda; \u015eam k\u0131rsal\u0131n\u0131n kuzeydo\u011fusu Tel B\u00f6lgesinde otoban \u00fczerinde seyir eden mazot y\u00fckl\u00fc bir tankerin frenlerinin patlamas\u0131 ard\u0131ndan devrilip alev ald\u0131\u011f\u0131n\u0131 belirtti.<\/p>\n<p>Kaynak olayda b\u00f6lgeden ge\u00e7en birka\u00e7 arac\u0131n da alev alarak yanmalar\u0131 sonucunda iki vatanda\u015f\u0131n ya\u015fam\u0131n\u0131 yitirdi\u011fini s\u00f6yledi. Olay ard\u0131ndan yolun derhal trafi\u011fe kapat\u0131ld\u0131\u011f\u0131n\u0131 belirten kaynak; yang\u0131n\u0131n s\u00f6nd\u00fcr\u00fclmesi ard\u0131ndan yolun tekrar trafi\u011fe a\u00e7\u0131ld\u0131\u011f\u0131n\u0131 aktard\u0131.<\/p>\n<p><a href=\"http:\/\/www.sana.sy\/tr\/wp-content\/uploads\/2016\/06\/mazot-tankeri-1.jpg\"><img loading=\"lazy\" decoding=\"async\" class=\"aligncenter wp-image-77182 size-full\" src=\"http:\/\/www.sana.sy\/tr\/wp-content\/uploads\/2016\/06\/mazot-tankeri-1.jpg\" alt=\"mazot tankeri 1\" width=\"707\" height=\"358\" srcset=\"https:\/\/archive.sana.sy\/tr\/wp-content\/uploads\/2016\/06\/mazot-tankeri-1.jpg 707w, https:\/\/archive.sana.sy\/tr\/wp-content\/uploads\/2016\/06\/mazot-tankeri-1-150x76.jpg 150w, https:\/\/archive.sana.sy\/tr\/wp-content\/uploads\/2016\/06\/mazot-tankeri-1-300x152.jpg 300w\" sizes=\"auto, (max-width: 707px) 100vw, 707px\" \/><\/a><\/p>\n","protected":false},"excerpt":{"rendered":"<p>\u015eAM KIRSALI \u2013 \u015eam \u00c7evre Kent Emniyet M\u00fcd\u00fcrl\u00fc\u011f\u00fcnde bir kaynak SANA\u2019ya a\u00e7\u0131klamas\u0131nda; \u015eam k\u0131rsal\u0131n\u0131n kuzeydo\u011fusu Tel B\u00f6lgesinde otoban \u00fczerinde seyir eden mazot y\u00fckl\u00fc bir tankerin frenlerinin patlamas\u0131 ard\u0131ndan devrilip alev ald\u0131\u011f\u0131n\u0131 belirtti. Kaynak olayda b\u00f6lgeden ge\u00e7en birka\u00e7 arac\u0131n da alev alarak yanmalar\u0131 sonucunda iki vatanda\u015f\u0131n ya\u015fam\u0131n\u0131 yitirdi\u011fini s\u00f6yledi. Olay ard\u0131ndan yolun derhal trafi\u011fe kapat\u0131ld\u0131\u011f\u0131n\u0131 belirten &hellip;<\/p>\n","protected":false},"author":1,"featured_media":77180,"comment_status":"closed","ping_status":"closed","sticky":false,"template":"","format":"standard","meta":{"footnotes":""},"categories":[479,17988,478],"tags":[21905],"class_list":["post-77178","post","type-post","status-publish","format-standard","has-post-thumbnail","","category-haberler-yerel","category-son-haberler","category-yerel","tag-devrilerek-alevler-icinde-kaldi"],"_links":{"self":[{"href":"https:\/\/archive.sana.sy\/tr\/index.php?rest_route=\/wp\/v2\/posts\/77178","targetHints":{"allow":["GET"]}}],"collection":[{"href":"https:\/\/archive.sana.sy\/tr\/index.php?rest_route=\/wp\/v2\/posts"}],"about":[{"href":"https:\/\/archive.sana.sy\/tr\/index.php?rest_route=\/wp\/v2\/types\/post"}],"author":[{"embeddable":true,"href":"https:\/\/archive.sana.sy\/tr\/index.php?rest_route=\/wp\/v2\/users\/1"}],"replies":[{"embeddable":true,"href":"https:\/\/archive.sana.sy\/tr\/index.php?rest_route=%2Fwp%2Fv2%2Fcomments&post=77178"}],"version-history":[{"count":0,"href":"https:\/\/archive.sana.sy\/tr\/index.php?rest_route=\/wp\/v2\/posts\/77178\/revisions"}],"wp:featuredmedia":[{"embeddable":true,"href":"https:\/\/archive.sana.sy\/tr\/index.php?rest_route=\/wp\/v2\/media\/77180"}],"wp:attachment":[{"href":"https:\/\/archive.sana.sy\/tr\/index.php?rest_route=%2Fwp%2Fv2%2Fmedia&parent=77178"}],"wp:term":[{"taxonomy":"category","embeddable":true,"href":"https:\/\/archive.sana.sy\/tr\/index.php?rest_route=%2Fwp%2Fv2%2Fcategories&post=77178"},{"taxonomy":"post_tag","embeddable":true,"href":"https:\/\/archive.sana.sy\/tr\/index.php?rest_route=%2Fwp%2Fv2%2Ftags&post=77178"}],"curies":[{"name":"wp","href":"https:\/\/api.w.org\/{rel}","templated":true}]}}