{"id":77181,"date":"2016-06-21T09:28:52","date_gmt":"2016-06-21T06:28:52","guid":{"rendered":"http:\/\/www.sana.sy\/tr\/?p=77181"},"modified":"2016-06-22T11:54:06","modified_gmt":"2016-06-22T08:54:06","slug":"urdunde-bombali-eylem","status":"publish","type":"post","link":"https:\/\/archive.sana.sy\/tr\/?p=77181","title":{"rendered":"\u00dcrd\u00fcn\u2019de Bombal\u0131 Eylem"},"content":{"rendered":"<p>AMMAN \u2013 \u00dcrd\u00fcn ordusu Suriye s\u0131n\u0131rlar\u0131na yak\u0131n Rekban Kamp\u0131 yak\u0131nlar\u0131nda bombal\u0131 bir ara\u00e7la d\u00fczenlenen sald\u0131r\u0131da \u00dcrd\u00fcnl\u00fc bir\u00e7ok askeri \u00f6l\u00fc ve yaral\u0131 d\u00fc\u015ft\u00fcklerini belirtti.<\/p>\n<p>\u00dcrd\u00fcn resmi haber ajans\u0131 Petra \u00dcrd\u00fcn silahl\u0131 kuvvetleri komutanl\u0131\u011f\u0131nda bir kaynaktan naklen; Rekban Beldesinde askeri bir mevkie d\u00fczenlenen sald\u0131r\u0131da \u00dcrd\u00fcnl\u00fc bir\u00e7ok askerin \u00f6l\u00fc ve yaral\u0131 d\u00fc\u015ft\u00fcklerini belirtti. Kaynak \u00dcrd\u00fcn askerlerinin \u00e7at\u0131\u015fmada sald\u0131rganlara ait birka\u00e7 arac\u0131 imha ettiklerini s\u00f6yledi.<\/p>\n<p>06 Haziran tarihinde Beka Kamp\u0131nda \u00dcrd\u00fcnl\u00fc bir g\u00fcvenlik merkezini hedef alan silahl\u0131 sald\u0131r\u0131da 5 ki\u015fi \u00f6lm\u00fc\u015ft\u00fc.<\/p>\n","protected":false},"excerpt":{"rendered":"<p>AMMAN \u2013 \u00dcrd\u00fcn ordusu Suriye s\u0131n\u0131rlar\u0131na yak\u0131n Rekban Kamp\u0131 yak\u0131nlar\u0131nda bombal\u0131 bir ara\u00e7la d\u00fczenlenen sald\u0131r\u0131da \u00dcrd\u00fcnl\u00fc bir\u00e7ok askeri \u00f6l\u00fc ve yaral\u0131 d\u00fc\u015ft\u00fcklerini belirtti. \u00dcrd\u00fcn resmi haber ajans\u0131 Petra \u00dcrd\u00fcn silahl\u0131 kuvvetleri komutanl\u0131\u011f\u0131nda bir kaynaktan naklen; Rekban Beldesinde askeri bir mevkie d\u00fczenlenen sald\u0131r\u0131da \u00dcrd\u00fcnl\u00fc bir\u00e7ok askerin \u00f6l\u00fc ve yaral\u0131 d\u00fc\u015ft\u00fcklerini belirtti. Kaynak \u00dcrd\u00fcn askerlerinin \u00e7at\u0131\u015fmada sald\u0131rganlara &hellip;<\/p>\n","protected":false},"author":1,"featured_media":77184,"comment_status":"closed","ping_status":"closed","sticky":false,"template":"","format":"standard","meta":{"footnotes":""},"categories":[458,459,17988],"tags":[21906],"class_list":["post-77181","post","type-post","status-publish","format-standard","has-post-thumbnail","","category-dunya1","category-haberler-arap-uluslararasi-politika","category-son-haberler","tag-urdunde-bombali-eylem"],"_links":{"self":[{"href":"https:\/\/archive.sana.sy\/tr\/index.php?rest_route=\/wp\/v2\/posts\/77181","targetHints":{"allow":["GET"]}}],"collection":[{"href":"https:\/\/archive.sana.sy\/tr\/index.php?rest_route=\/wp\/v2\/posts"}],"about":[{"href":"https:\/\/archive.sana.sy\/tr\/index.php?rest_route=\/wp\/v2\/types\/post"}],"author":[{"embeddable":true,"href":"https:\/\/archive.sana.sy\/tr\/index.php?rest_route=\/wp\/v2\/users\/1"}],"replies":[{"embeddable":true,"href":"https:\/\/archive.sana.sy\/tr\/index.php?rest_route=%2Fwp%2Fv2%2Fcomments&post=77181"}],"version-history":[{"count":0,"href":"https:\/\/archive.sana.sy\/tr\/index.php?rest_route=\/wp\/v2\/posts\/77181\/revisions"}],"wp:featuredmedia":[{"embeddable":true,"href":"https:\/\/archive.sana.sy\/tr\/index.php?rest_route=\/wp\/v2\/media\/77184"}],"wp:attachment":[{"href":"https:\/\/archive.sana.sy\/tr\/index.php?rest_route=%2Fwp%2Fv2%2Fmedia&parent=77181"}],"wp:term":[{"taxonomy":"category","embeddable":true,"href":"https:\/\/archive.sana.sy\/tr\/index.php?rest_route=%2Fwp%2Fv2%2Fcategories&post=77181"},{"taxonomy":"post_tag","embeddable":true,"href":"https:\/\/archive.sana.sy\/tr\/index.php?rest_route=%2Fwp%2Fv2%2Ftags&post=77181"}],"curies":[{"name":"wp","href":"https:\/\/api.w.org\/{rel}","templated":true}]}}