{"id":77194,"date":"2016-06-21T15:29:09","date_gmt":"2016-06-21T12:29:09","guid":{"rendered":"http:\/\/www.sana.sy\/tr\/?p=77194"},"modified":"2016-06-21T15:29:09","modified_gmt":"2016-06-21T12:29:09","slug":"halepte-sana-muhabiri-eli-kanli-erdogan-rejimine-bagli-teror-cetelerden-keskin-nisanci-teroristlerin-halep-kentinin-halidiye-semtinde-sivillerin-evlerine-ates-acmalari-sonucunda-bir-vatandas","status":"publish","type":"post","link":"https:\/\/archive.sana.sy\/tr\/?p=77194","title":{"rendered":"Halep\u2019te SANA muhabiri; eli kanl\u0131 Erdo\u011fan rejimine ba\u011fl\u0131 ter\u00f6r \u00e7etelerden keskin ni\u015fanc\u0131 ter\u00f6ristlerin Halep Kentinin Halidiye Semtinde sivillerin evlerine ate\u015f a\u00e7malar\u0131 sonucunda bir vatanda\u015f\u0131n \u015fehit d\u00fc\u015ft\u00fc\u011f\u00fcn\u00fc ifade etti"},"content":{"rendered":"<p>Halep\u2019te SANA muhabiri; eli kanl\u0131 Erdo\u011fan rejimine ba\u011fl\u0131 ter\u00f6r \u00e7etelerden keskin ni\u015fanc\u0131 ter\u00f6ristlerin Halep Kentinin Halidiye Semtinde sivillerin evlerine ate\u015f a\u00e7malar\u0131 sonucunda bir vatanda\u015f\u0131n \u015fehit d\u00fc\u015ft\u00fc\u011f\u00fcn\u00fc ifade etti<\/p>\n","protected":false},"excerpt":{"rendered":"<p>Halep\u2019te SANA muhabiri; eli kanl\u0131 Erdo\u011fan rejimine ba\u011fl\u0131 ter\u00f6r \u00e7etelerden keskin ni\u015fanc\u0131 ter\u00f6ristlerin Halep Kentinin Halidiye Semtinde sivillerin evlerine ate\u015f a\u00e7malar\u0131 sonucunda bir vatanda\u015f\u0131n \u015fehit d\u00fc\u015ft\u00fc\u011f\u00fcn\u00fc ifade etti<\/p>\n","protected":false},"author":1,"featured_media":0,"comment_status":"closed","ping_status":"closed","sticky":false,"template":"","format":"standard","meta":{"footnotes":""},"categories":[17991],"tags":[],"class_list":["post-77194","post","type-post","status-publish","format-standard","","category-son-dakika"],"_links":{"self":[{"href":"https:\/\/archive.sana.sy\/tr\/index.php?rest_route=\/wp\/v2\/posts\/77194","targetHints":{"allow":["GET"]}}],"collection":[{"href":"https:\/\/archive.sana.sy\/tr\/index.php?rest_route=\/wp\/v2\/posts"}],"about":[{"href":"https:\/\/archive.sana.sy\/tr\/index.php?rest_route=\/wp\/v2\/types\/post"}],"author":[{"embeddable":true,"href":"https:\/\/archive.sana.sy\/tr\/index.php?rest_route=\/wp\/v2\/users\/1"}],"replies":[{"embeddable":true,"href":"https:\/\/archive.sana.sy\/tr\/index.php?rest_route=%2Fwp%2Fv2%2Fcomments&post=77194"}],"version-history":[{"count":0,"href":"https:\/\/archive.sana.sy\/tr\/index.php?rest_route=\/wp\/v2\/posts\/77194\/revisions"}],"wp:attachment":[{"href":"https:\/\/archive.sana.sy\/tr\/index.php?rest_route=%2Fwp%2Fv2%2Fmedia&parent=77194"}],"wp:term":[{"taxonomy":"category","embeddable":true,"href":"https:\/\/archive.sana.sy\/tr\/index.php?rest_route=%2Fwp%2Fv2%2Fcategories&post=77194"},{"taxonomy":"post_tag","embeddable":true,"href":"https:\/\/archive.sana.sy\/tr\/index.php?rest_route=%2Fwp%2Fv2%2Ftags&post=77194"}],"curies":[{"name":"wp","href":"https:\/\/api.w.org\/{rel}","templated":true}]}}