{"id":77199,"date":"2016-06-21T15:55:32","date_gmt":"2016-06-21T12:55:32","guid":{"rendered":"http:\/\/www.sana.sy\/tr\/?p=77199"},"modified":"2016-06-22T12:08:50","modified_gmt":"2016-06-22T09:08:50","slug":"catismalari-durdurma-anlasmasi-ihlalinde-1-sehit","status":"publish","type":"post","link":"https:\/\/archive.sana.sy\/tr\/?p=77199","title":{"rendered":"\u00c7at\u0131\u015fmalar\u0131 Durdurma Anla\u015fmas\u0131 \u0130hlalinde 1 \u015eehit"},"content":{"rendered":"<p>HALEP \u2013 Vahhabi \u00c2l Suud ve \u0130hvanc\u0131 Erdo\u011fan rejimlerinin destekledikleri tekfirciler bug\u00fcn de Halep Kentinde yerle\u015fim alanlar\u0131 ve masum sivil insanlar\u0131 f\u00fcze ve keskin ni\u015fanc\u0131 silahlar\u0131yla hedef almaya devam etti.<\/p>\n<p>Halep Emniyet M\u00fcd\u00fcrl\u00fc\u011f\u00fcnde yetkili bir kaynak SANA\u2019ya a\u00e7\u0131klamas\u0131nda; radikal ter\u00f6r \u00e7etelerden keskin ni\u015fanc\u0131 ter\u00f6ristlerin Halep Kentinin Halidiye Semtinde sivillerin evlerine ate\u015f a\u00e7malar\u0131 sonucunda bir vatanda\u015f\u0131n \u015fehit d\u00fc\u015ft\u00fc\u011f\u00fcn\u00fc ifade etti.<\/p>\n","protected":false},"excerpt":{"rendered":"<p>HALEP \u2013 Vahhabi \u00c2l Suud ve \u0130hvanc\u0131 Erdo\u011fan rejimlerinin destekledikleri tekfirciler bug\u00fcn de Halep Kentinde yerle\u015fim alanlar\u0131 ve masum sivil insanlar\u0131 f\u00fcze ve keskin ni\u015fanc\u0131 silahlar\u0131yla hedef almaya devam etti. Halep Emniyet M\u00fcd\u00fcrl\u00fc\u011f\u00fcnde yetkili bir kaynak SANA\u2019ya a\u00e7\u0131klamas\u0131nda; radikal ter\u00f6r \u00e7etelerden keskin ni\u015fanc\u0131 ter\u00f6ristlerin Halep Kentinin Halidiye Semtinde sivillerin evlerine ate\u015f a\u00e7malar\u0131 sonucunda bir vatanda\u015f\u0131n &hellip;<\/p>\n","protected":false},"author":1,"featured_media":77201,"comment_status":"closed","ping_status":"closed","sticky":false,"template":"","format":"standard","meta":{"footnotes":""},"categories":[479,575,17988,478],"tags":[21911],"class_list":["post-77199","post","type-post","status-publish","format-standard","has-post-thumbnail","","category-haberler-yerel","category-olaylar-ve-gercekler","category-son-haberler","category-yerel","tag-catismalari-durdurma-anlasmasi-ihlalinde-1-sehit"],"_links":{"self":[{"href":"https:\/\/archive.sana.sy\/tr\/index.php?rest_route=\/wp\/v2\/posts\/77199","targetHints":{"allow":["GET"]}}],"collection":[{"href":"https:\/\/archive.sana.sy\/tr\/index.php?rest_route=\/wp\/v2\/posts"}],"about":[{"href":"https:\/\/archive.sana.sy\/tr\/index.php?rest_route=\/wp\/v2\/types\/post"}],"author":[{"embeddable":true,"href":"https:\/\/archive.sana.sy\/tr\/index.php?rest_route=\/wp\/v2\/users\/1"}],"replies":[{"embeddable":true,"href":"https:\/\/archive.sana.sy\/tr\/index.php?rest_route=%2Fwp%2Fv2%2Fcomments&post=77199"}],"version-history":[{"count":0,"href":"https:\/\/archive.sana.sy\/tr\/index.php?rest_route=\/wp\/v2\/posts\/77199\/revisions"}],"wp:featuredmedia":[{"embeddable":true,"href":"https:\/\/archive.sana.sy\/tr\/index.php?rest_route=\/wp\/v2\/media\/77201"}],"wp:attachment":[{"href":"https:\/\/archive.sana.sy\/tr\/index.php?rest_route=%2Fwp%2Fv2%2Fmedia&parent=77199"}],"wp:term":[{"taxonomy":"category","embeddable":true,"href":"https:\/\/archive.sana.sy\/tr\/index.php?rest_route=%2Fwp%2Fv2%2Fcategories&post=77199"},{"taxonomy":"post_tag","embeddable":true,"href":"https:\/\/archive.sana.sy\/tr\/index.php?rest_route=%2Fwp%2Fv2%2Ftags&post=77199"}],"curies":[{"name":"wp","href":"https:\/\/api.w.org\/{rel}","templated":true}]}}