{"id":7720,"date":"2014-08-19T20:31:22","date_gmt":"2014-08-19T17:31:22","guid":{"rendered":"http:\/\/www.sana.sy\/tr\/?p=7720"},"modified":"2014-08-20T16:13:32","modified_gmt":"2014-08-20T13:13:32","slug":"kademde-altyapi-ve-hizmet-sebekeleri-onariliyor","status":"publish","type":"post","link":"https:\/\/archive.sana.sy\/tr\/?p=7720","title":{"rendered":"Kadem\u2019de Altyap\u0131 ve Hizmet \u015eebekeleri Onar\u0131l\u0131yor"},"content":{"rendered":"<p>\u015eAM \u2013 \u015eam\u2019\u0131n Kadem Semtinde ulusal uzla\u015fma anla\u015fmas\u0131n\u0131n d\u00fcn hayata ge\u00e7irilmesiyle \u015eam Valili\u011fine tabi ar\u0131za onar\u0131m ekipleri bug\u00fcn semtte elektrik, ileti\u015fim, su ve altyap\u0131 \u015febekelerini onarma \u00e7al\u0131\u015fmalar\u0131 ba\u015flatt\u0131.<\/p>\n<p><a href=\"http:\/\/www.sana.sy\/tr\/wp-content\/uploads\/2014\/08\/Kadem-2.jpg\"><img loading=\"lazy\" decoding=\"async\" class=\"alignright wp-image-7722 size-medium\" src=\"http:\/\/www.sana.sy\/tr\/wp-content\/uploads\/2014\/08\/Kadem-2-300x225.jpg\" alt=\"Kadem 2\" width=\"300\" height=\"225\" srcset=\"https:\/\/archive.sana.sy\/tr\/wp-content\/uploads\/2014\/08\/Kadem-2-300x225.jpg 300w, https:\/\/archive.sana.sy\/tr\/wp-content\/uploads\/2014\/08\/Kadem-2-150x112.jpg 150w, https:\/\/archive.sana.sy\/tr\/wp-content\/uploads\/2014\/08\/Kadem-2-1024x768.jpg 1024w\" sizes=\"auto, (max-width: 300px) 100vw, 300px\" \/><\/a>Valilikte \u0130\u015f Makineleri Departman Direkt\u00f6r\u00fc Muhammed Hmamiye SANA muhabirine a\u00e7\u0131klamas\u0131nda; semtte ya\u015fam\u0131 normale d\u00f6nd\u00fcrme ve vatanda\u015flar\u0131n evlerine d\u00f6n\u00fc\u015flerini sa\u011flama \u00e7al\u0131\u015fmalar\u0131n\u0131n ilk s\u00fcre\u00e7te silahl\u0131 gruplar\u0131n kurduklar\u0131 barikatlar\u0131 kald\u0131rma, yollar\u0131 a\u00e7ma ve hizmet \u015febekelerini onarmakla ba\u015flad\u0131\u011f\u0131n\u0131 s\u00f6yledi. Hmamiye onar\u0131m ve restorasyon \u00e7al\u0131\u015fmalar\u0131n\u0131n y\u00fcksek bir h\u0131zla yap\u0131ld\u0131\u011f\u0131n\u0131 belirtirken; evleri zarar g\u00f6ren ailelere de evlerini y\u0131k\u0131m enkazlar\u0131ndan temizlemede yard\u0131m edildi\u011fini s\u00f6yledi.<\/p>\n<p>\u015eam ve k\u0131rsal\u0131nda Berze ve Muaddamiye Kasabas\u0131 dahil bir\u00e7ok b\u00f6lgede hayata ge\u00e7irilen ulusal uzla\u015fma anla\u015fmalar\u0131 \u00e7er\u00e7evesinde yap\u0131lan bu anla\u015fma Kadem Semtinin yan\u0131 s\u0131ra Assali, Curat el \u015eerbati, Bur Sait ve Mazeniyye b\u00f6lgelerini kaps\u0131yor.<\/p>\n","protected":false},"excerpt":{"rendered":"<p>\u015eAM \u2013 \u015eam\u2019\u0131n Kadem Semtinde ulusal uzla\u015fma anla\u015fmas\u0131n\u0131n d\u00fcn hayata ge\u00e7irilmesiyle \u015eam Valili\u011fine tabi ar\u0131za onar\u0131m ekipleri bug\u00fcn semtte elektrik, ileti\u015fim, su ve altyap\u0131 \u015febekelerini onarma \u00e7al\u0131\u015fmalar\u0131 ba\u015flatt\u0131. Valilikte \u0130\u015f Makineleri Departman Direkt\u00f6r\u00fc Muhammed Hmamiye SANA muhabirine a\u00e7\u0131klamas\u0131nda; semtte ya\u015fam\u0131 normale d\u00f6nd\u00fcrme ve vatanda\u015flar\u0131n evlerine d\u00f6n\u00fc\u015flerini sa\u011flama \u00e7al\u0131\u015fmalar\u0131n\u0131n ilk s\u00fcre\u00e7te silahl\u0131 gruplar\u0131n kurduklar\u0131 barikatlar\u0131 kald\u0131rma, &hellip;<\/p>\n","protected":false},"author":1,"featured_media":7721,"comment_status":"closed","ping_status":"closed","sticky":false,"template":"","format":"standard","meta":{"footnotes":""},"categories":[479,575,478],"tags":[1726],"class_list":["post-7720","post","type-post","status-publish","format-standard","has-post-thumbnail","","category-haberler-yerel","category-olaylar-ve-gercekler","category-yerel","tag-kademde-altyapi-ve-hizmet-sebekeleri-onariliyor"],"_links":{"self":[{"href":"https:\/\/archive.sana.sy\/tr\/index.php?rest_route=\/wp\/v2\/posts\/7720","targetHints":{"allow":["GET"]}}],"collection":[{"href":"https:\/\/archive.sana.sy\/tr\/index.php?rest_route=\/wp\/v2\/posts"}],"about":[{"href":"https:\/\/archive.sana.sy\/tr\/index.php?rest_route=\/wp\/v2\/types\/post"}],"author":[{"embeddable":true,"href":"https:\/\/archive.sana.sy\/tr\/index.php?rest_route=\/wp\/v2\/users\/1"}],"replies":[{"embeddable":true,"href":"https:\/\/archive.sana.sy\/tr\/index.php?rest_route=%2Fwp%2Fv2%2Fcomments&post=7720"}],"version-history":[{"count":0,"href":"https:\/\/archive.sana.sy\/tr\/index.php?rest_route=\/wp\/v2\/posts\/7720\/revisions"}],"wp:featuredmedia":[{"embeddable":true,"href":"https:\/\/archive.sana.sy\/tr\/index.php?rest_route=\/wp\/v2\/media\/7721"}],"wp:attachment":[{"href":"https:\/\/archive.sana.sy\/tr\/index.php?rest_route=%2Fwp%2Fv2%2Fmedia&parent=7720"}],"wp:term":[{"taxonomy":"category","embeddable":true,"href":"https:\/\/archive.sana.sy\/tr\/index.php?rest_route=%2Fwp%2Fv2%2Fcategories&post=7720"},{"taxonomy":"post_tag","embeddable":true,"href":"https:\/\/archive.sana.sy\/tr\/index.php?rest_route=%2Fwp%2Fv2%2Ftags&post=7720"}],"curies":[{"name":"wp","href":"https:\/\/api.w.org\/{rel}","templated":true}]}}