{"id":77203,"date":"2016-06-21T19:31:24","date_gmt":"2016-06-21T16:31:24","guid":{"rendered":"http:\/\/www.sana.sy\/tr\/?p=77203"},"modified":"2016-06-21T19:33:08","modified_gmt":"2016-06-21T16:33:08","slug":"bm-genel-sekreterinin-insani-isler-vekilinin-suriyedeki-insani-durumlara-iliskin-raporunu-sundugu-toplantida-konusan-caferi-toplantinin-suriyede-kotulesen-insani-durumlarin-asil-nedeni-olan-teror","status":"publish","type":"post","link":"https:\/\/archive.sana.sy\/tr\/?p=77203","title":{"rendered":"BM genel sekreterinin insani i\u015fler vekilinin Suriye&#8217;deki insani durumlara ili\u015fkin raporunu sundu\u011fu toplant\u0131da konu\u015fan Caferi; toplant\u0131n\u0131n Suriye&#8217;de k\u00f6t\u00fcle\u015fen insani durumlar\u0131n as\u0131l nedeni olan ter\u00f6re aleni ve her t\u00fcrl\u00fc deste\u011fi temin eden devletlerin \u00e7a\u011fr\u0131s\u0131 \u00fczerine yap\u0131lmas\u0131n\u0131n mant\u0131\u011fa s\u0131\u011fmad\u0131\u011f\u0131na dikkat \u00e7ekti."},"content":{"rendered":"<p>BM genel sekreterinin insani i\u015fler vekilinin Suriye&#8217;deki insani durumlara ili\u015fkin raporunu sundu\u011fu toplant\u0131da konu\u015fan Caferi; toplant\u0131n\u0131n Suriye&#8217;de k\u00f6t\u00fcle\u015fen insani durumlar\u0131n as\u0131l nedeni olan ter\u00f6re aleni ve her t\u00fcrl\u00fc deste\u011fi temin eden devletlerin \u00e7a\u011fr\u0131s\u0131 \u00fczerine yap\u0131lmas\u0131n\u0131n mant\u0131\u011fa s\u0131\u011fmad\u0131\u011f\u0131na dikkat \u00e7ekti.<\/p>\n","protected":false},"excerpt":{"rendered":"<p>BM genel sekreterinin insani i\u015fler vekilinin Suriye&#8217;deki insani durumlara ili\u015fkin raporunu sundu\u011fu toplant\u0131da konu\u015fan Caferi; toplant\u0131n\u0131n Suriye&#8217;de k\u00f6t\u00fcle\u015fen insani durumlar\u0131n as\u0131l nedeni olan ter\u00f6re aleni ve her t\u00fcrl\u00fc deste\u011fi temin eden devletlerin \u00e7a\u011fr\u0131s\u0131 \u00fczerine yap\u0131lmas\u0131n\u0131n mant\u0131\u011fa s\u0131\u011fmad\u0131\u011f\u0131na dikkat \u00e7ekti.<\/p>\n","protected":false},"author":1,"featured_media":0,"comment_status":"closed","ping_status":"closed","sticky":false,"template":"","format":"standard","meta":{"footnotes":""},"categories":[1],"tags":[],"class_list":["post-77203","post","type-post","status-publish","format-standard","","category-news-not-sorted"],"_links":{"self":[{"href":"https:\/\/archive.sana.sy\/tr\/index.php?rest_route=\/wp\/v2\/posts\/77203","targetHints":{"allow":["GET"]}}],"collection":[{"href":"https:\/\/archive.sana.sy\/tr\/index.php?rest_route=\/wp\/v2\/posts"}],"about":[{"href":"https:\/\/archive.sana.sy\/tr\/index.php?rest_route=\/wp\/v2\/types\/post"}],"author":[{"embeddable":true,"href":"https:\/\/archive.sana.sy\/tr\/index.php?rest_route=\/wp\/v2\/users\/1"}],"replies":[{"embeddable":true,"href":"https:\/\/archive.sana.sy\/tr\/index.php?rest_route=%2Fwp%2Fv2%2Fcomments&post=77203"}],"version-history":[{"count":0,"href":"https:\/\/archive.sana.sy\/tr\/index.php?rest_route=\/wp\/v2\/posts\/77203\/revisions"}],"wp:attachment":[{"href":"https:\/\/archive.sana.sy\/tr\/index.php?rest_route=%2Fwp%2Fv2%2Fmedia&parent=77203"}],"wp:term":[{"taxonomy":"category","embeddable":true,"href":"https:\/\/archive.sana.sy\/tr\/index.php?rest_route=%2Fwp%2Fv2%2Fcategories&post=77203"},{"taxonomy":"post_tag","embeddable":true,"href":"https:\/\/archive.sana.sy\/tr\/index.php?rest_route=%2Fwp%2Fv2%2Ftags&post=77203"}],"curies":[{"name":"wp","href":"https:\/\/api.w.org\/{rel}","templated":true}]}}