{"id":77209,"date":"2016-06-21T19:40:12","date_gmt":"2016-06-21T16:40:12","guid":{"rendered":"http:\/\/www.sana.sy\/tr\/?p=77209"},"modified":"2016-06-21T19:41:29","modified_gmt":"2016-06-21T16:41:29","slug":"suriyede-insani-durumlarin-duzelmesini-isteyenlerin-ayni-zamanda-insani-gecitleri-cokuluslu-terore-askeri-destek-saglamak-icin-kullanan-turkiyedeki-erdogan-rejiminin-riayeti-altinda-istanbul","status":"publish","type":"post","link":"https:\/\/archive.sana.sy\/tr\/?p=77209","title":{"rendered":"Suriye&#8217;de insani durumlar\u0131n d\u00fczelmesini isteyenlerin ayn\u0131 zamanda insani ge\u00e7itleri \u00e7okuluslu ter\u00f6re askeri destek sa\u011flamak i\u00e7in kullanan T\u00fcrkiye&#8217;deki Erdo\u011fan rejiminin riayeti alt\u0131nda \u0130stanbul\u2019da insani zirve d\u00fczenlememesi gerekti\u011fini belirten Caferi; Erdo\u011fan rejiminin Suriyeli m\u00fcltecilerin durumuyla siyasi ve mali ticaret yapt\u0131\u011f\u0131n\u0131, ter\u00f6re her t\u00fcrl\u00fc deste\u011fi de temin etti\u011finin d\u00fcnya kamuoyu taraf\u0131ndan bilindi\u011fine dikkat \u00e7ekti."},"content":{"rendered":"<p>Suriye&#8217;de insani durumlar\u0131n d\u00fczelmesini isteyenlerin ayn\u0131 zamanda insani ge\u00e7itleri \u00e7okuluslu ter\u00f6re askeri destek sa\u011flamak i\u00e7in kullanan T\u00fcrkiye&#8217;deki Erdo\u011fan rejiminin riayeti alt\u0131nda \u0130stanbul\u2019da insani zirve d\u00fczenlememesi gerekti\u011fini belirten Caferi; Erdo\u011fan rejiminin Suriyeli m\u00fcltecilerin durumuyla siyasi ve mali ticaret yapt\u0131\u011f\u0131n\u0131, ter\u00f6re her t\u00fcrl\u00fc deste\u011fi de temin etti\u011finin d\u00fcnya kamuoyu taraf\u0131ndan bilindi\u011fine dikkat \u00e7ekti.<\/p>\n","protected":false},"excerpt":{"rendered":"<p>Suriye&#8217;de insani durumlar\u0131n d\u00fczelmesini isteyenlerin ayn\u0131 zamanda insani ge\u00e7itleri \u00e7okuluslu ter\u00f6re askeri destek sa\u011flamak i\u00e7in kullanan T\u00fcrkiye&#8217;deki Erdo\u011fan rejiminin riayeti alt\u0131nda \u0130stanbul\u2019da insani zirve d\u00fczenlememesi gerekti\u011fini belirten Caferi; Erdo\u011fan rejiminin Suriyeli m\u00fcltecilerin durumuyla siyasi ve mali ticaret yapt\u0131\u011f\u0131n\u0131, ter\u00f6re her t\u00fcrl\u00fc deste\u011fi de temin etti\u011finin d\u00fcnya kamuoyu taraf\u0131ndan bilindi\u011fine dikkat \u00e7ekti.<\/p>\n","protected":false},"author":1,"featured_media":0,"comment_status":"closed","ping_status":"closed","sticky":false,"template":"","format":"standard","meta":{"footnotes":""},"categories":[17991],"tags":[],"class_list":["post-77209","post","type-post","status-publish","format-standard","","category-son-dakika"],"_links":{"self":[{"href":"https:\/\/archive.sana.sy\/tr\/index.php?rest_route=\/wp\/v2\/posts\/77209","targetHints":{"allow":["GET"]}}],"collection":[{"href":"https:\/\/archive.sana.sy\/tr\/index.php?rest_route=\/wp\/v2\/posts"}],"about":[{"href":"https:\/\/archive.sana.sy\/tr\/index.php?rest_route=\/wp\/v2\/types\/post"}],"author":[{"embeddable":true,"href":"https:\/\/archive.sana.sy\/tr\/index.php?rest_route=\/wp\/v2\/users\/1"}],"replies":[{"embeddable":true,"href":"https:\/\/archive.sana.sy\/tr\/index.php?rest_route=%2Fwp%2Fv2%2Fcomments&post=77209"}],"version-history":[{"count":0,"href":"https:\/\/archive.sana.sy\/tr\/index.php?rest_route=\/wp\/v2\/posts\/77209\/revisions"}],"wp:attachment":[{"href":"https:\/\/archive.sana.sy\/tr\/index.php?rest_route=%2Fwp%2Fv2%2Fmedia&parent=77209"}],"wp:term":[{"taxonomy":"category","embeddable":true,"href":"https:\/\/archive.sana.sy\/tr\/index.php?rest_route=%2Fwp%2Fv2%2Fcategories&post=77209"},{"taxonomy":"post_tag","embeddable":true,"href":"https:\/\/archive.sana.sy\/tr\/index.php?rest_route=%2Fwp%2Fv2%2Ftags&post=77209"}],"curies":[{"name":"wp","href":"https:\/\/api.w.org\/{rel}","templated":true}]}}