{"id":77213,"date":"2016-06-21T19:47:27","date_gmt":"2016-06-21T16:47:27","guid":{"rendered":"http:\/\/www.sana.sy\/tr\/?p=77213"},"modified":"2016-06-22T15:45:33","modified_gmt":"2016-06-22T12:45:33","slug":"insani-durumlarin-duzelmesi-icin-once-bunlari-yapmak-gerekiyor","status":"publish","type":"post","link":"https:\/\/archive.sana.sy\/tr\/?p=77213","title":{"rendered":"\u0130nsani Durumlar\u0131n D\u00fczelmesi \u0130\u00e7in \u00d6nce Bunlar\u0131 Yapmak Gerekiyor"},"content":{"rendered":"<p>NEW YORK \u2013 Suriye&#8217;nin Birle\u015fmi\u015f Milletlerdeki Daimi Temsilcisi Be\u015f\u015far el Caferi, BM\u2019nin d\u00fczenledi\u011fi toplant\u0131lar\u0131n, Suriye halk\u0131na yard\u0131m etme hedefinden \u00e7\u0131k\u0131p tamamen siyasile\u015ftirildi\u011fini belirtti.<\/p>\n<p>BM genel sekreterinin insani i\u015fler vekilinin Suriye&#8217;deki insani durumlara ili\u015fkin raporunu sundu\u011fu toplant\u0131da konu\u015fan Caferi; toplant\u0131n\u0131n Suriye&#8217;de k\u00f6t\u00fcle\u015fen insani durumlar\u0131n as\u0131l nedeni olan ter\u00f6re aleni ve her t\u00fcrl\u00fc deste\u011fi temin eden devletlerin \u00e7a\u011fr\u0131s\u0131 \u00fczerine yap\u0131lmas\u0131n\u0131n mant\u0131\u011fa s\u0131\u011fmad\u0131\u011f\u0131na dikkat \u00e7ekti. Caferi insani durumlar\u0131n d\u00fczelmesini isteyenlerin her \u015feyden \u00f6nce ter\u00f6re deste\u011fin kesilmesi y\u00f6n\u00fcnde etkin ve ciddi icraatlar almalar\u0131n\u0131n yan\u0131 s\u0131ra ekonomik yapt\u0131r\u0131mlar\u0131 kald\u0131rmalar\u0131 gerekti\u011fini vurgulad\u0131.<\/p>\n<p>Suriye&#8217;de insani durumlar\u0131n d\u00fczelmesini isteyenlerin ayn\u0131 zamanda insani ge\u00e7itleri \u00e7okuluslu ter\u00f6re askeri destek sa\u011flamak i\u00e7in kullanan T\u00fcrkiye&#8217;deki Erdo\u011fan rejiminin riayeti alt\u0131nda \u0130stanbul\u2019da insani zirve d\u00fczenlememesi gerekti\u011fini belirten Caferi; Erdo\u011fan rejiminin Suriyeli m\u00fcltecilerin durumuyla siyasi ve mali ticaret yapt\u0131\u011f\u0131n\u0131, ter\u00f6re her t\u00fcrl\u00fc deste\u011fi de temin etti\u011finin d\u00fcnya kamuoyu taraf\u0131ndan bilindi\u011fine dikkat \u00e7ekti.<\/p>\n<p>Suriye&#8217;de k\u00f6t\u00fc insani durumlar\u0131n\u0131n ana nedeninin ter\u00f6r \u00f6rg\u00fctleri ve ekonomik yapt\u0131r\u0131mlar oldu\u011funun alt\u0131n\u0131 \u00e7izen Caferi; bu ter\u00f6r \u00f6rg\u00fctlere her t\u00fcrl\u00fc destek ve siyasi \u00f6rt\u00fcy\u00fc temin eden, Suriye halk\u0131na da yapt\u0131r\u0131mlar uygulayan devletlerin kim olduklar\u0131n\u0131n gayet a\u00e7\u0131k oldu\u011funu vurgulad\u0131.<\/p>\n","protected":false},"excerpt":{"rendered":"<p>NEW YORK \u2013 Suriye&#8217;nin Birle\u015fmi\u015f Milletlerdeki Daimi Temsilcisi Be\u015f\u015far el Caferi, BM\u2019nin d\u00fczenledi\u011fi toplant\u0131lar\u0131n, Suriye halk\u0131na yard\u0131m etme hedefinden \u00e7\u0131k\u0131p tamamen siyasile\u015ftirildi\u011fini belirtti. BM genel sekreterinin insani i\u015fler vekilinin Suriye&#8217;deki insani durumlara ili\u015fkin raporunu sundu\u011fu toplant\u0131da konu\u015fan Caferi; toplant\u0131n\u0131n Suriye&#8217;de k\u00f6t\u00fcle\u015fen insani durumlar\u0131n as\u0131l nedeni olan ter\u00f6re aleni ve her t\u00fcrl\u00fc deste\u011fi temin eden devletlerin &hellip;<\/p>\n","protected":false},"author":1,"featured_media":77216,"comment_status":"closed","ping_status":"closed","sticky":false,"template":"","format":"standard","meta":{"footnotes":""},"categories":[458,459,17988],"tags":[18867,21912],"class_list":["post-77213","post","type-post","status-publish","format-standard","has-post-thumbnail","","category-dunya1","category-haberler-arap-uluslararasi-politika","category-son-haberler","tag-bessar-el-caferi","tag-insani-durumlarin-duzelmesi-icin-once-bunlari-yapmak-gerekiyor"],"_links":{"self":[{"href":"https:\/\/archive.sana.sy\/tr\/index.php?rest_route=\/wp\/v2\/posts\/77213","targetHints":{"allow":["GET"]}}],"collection":[{"href":"https:\/\/archive.sana.sy\/tr\/index.php?rest_route=\/wp\/v2\/posts"}],"about":[{"href":"https:\/\/archive.sana.sy\/tr\/index.php?rest_route=\/wp\/v2\/types\/post"}],"author":[{"embeddable":true,"href":"https:\/\/archive.sana.sy\/tr\/index.php?rest_route=\/wp\/v2\/users\/1"}],"replies":[{"embeddable":true,"href":"https:\/\/archive.sana.sy\/tr\/index.php?rest_route=%2Fwp%2Fv2%2Fcomments&post=77213"}],"version-history":[{"count":0,"href":"https:\/\/archive.sana.sy\/tr\/index.php?rest_route=\/wp\/v2\/posts\/77213\/revisions"}],"wp:featuredmedia":[{"embeddable":true,"href":"https:\/\/archive.sana.sy\/tr\/index.php?rest_route=\/wp\/v2\/media\/77216"}],"wp:attachment":[{"href":"https:\/\/archive.sana.sy\/tr\/index.php?rest_route=%2Fwp%2Fv2%2Fmedia&parent=77213"}],"wp:term":[{"taxonomy":"category","embeddable":true,"href":"https:\/\/archive.sana.sy\/tr\/index.php?rest_route=%2Fwp%2Fv2%2Fcategories&post=77213"},{"taxonomy":"post_tag","embeddable":true,"href":"https:\/\/archive.sana.sy\/tr\/index.php?rest_route=%2Fwp%2Fv2%2Ftags&post=77213"}],"curies":[{"name":"wp","href":"https:\/\/api.w.org\/{rel}","templated":true}]}}