{"id":77248,"date":"2016-06-21T21:00:54","date_gmt":"2016-06-21T18:00:54","guid":{"rendered":"http:\/\/www.sana.sy\/tr\/?p=77248"},"modified":"2016-06-22T15:45:29","modified_gmt":"2016-06-22T12:45:29","slug":"teror-yuvasinda-amerikan-silahlari-bulundu","status":"publish","type":"post","link":"https:\/\/archive.sana.sy\/tr\/?p=77248","title":{"rendered":"Ter\u00f6r Yuvas\u0131nda Amerikan Silahlar\u0131 Bulundu"},"content":{"rendered":"<p>\u015eAM KIRSALI \u2013 G\u00fcvenlik birimleri bug\u00fcn \u015eam k\u0131rsal\u0131nda ter\u00f6ristlerin bulunduklar\u0131 b\u00f6lgenin derinliklerinde cephane olarak kulland\u0131klar\u0131 bir yuvaya bask\u0131n d\u00fczenledi.<\/p>\n<p>\u015eam \u00c7evre Kent Valili\u011finde yetkili bir kaynak SANA\u2019ya a\u00e7\u0131klamas\u0131nda dakik istihbarat bilgileri \u00fczerine d\u00fczenlenen nitelikli operasyonda yuvada bulunan muhtelif t\u00fcr b\u00fcy\u00fck miktarda cephaneye el konuldu\u011funu ifade etti. Kaynak tekfirci ter\u00f6ristlere ait yuvada bulunan silahlar\u0131n aras\u0131nda ABD yap\u0131m\u0131 makineli silahlar\u0131n yan\u0131 s\u0131ra uzun menzilli keskin ni\u015fanc\u0131 silahlar\u0131 ve anti z\u0131rh roketatarlar\u0131n bulundu\u011funu s\u00f6yledi.<\/p>\n","protected":false},"excerpt":{"rendered":"<p>\u015eAM KIRSALI \u2013 G\u00fcvenlik birimleri bug\u00fcn \u015eam k\u0131rsal\u0131nda ter\u00f6ristlerin bulunduklar\u0131 b\u00f6lgenin derinliklerinde cephane olarak kulland\u0131klar\u0131 bir yuvaya bask\u0131n d\u00fczenledi. \u015eam \u00c7evre Kent Valili\u011finde yetkili bir kaynak SANA\u2019ya a\u00e7\u0131klamas\u0131nda dakik istihbarat bilgileri \u00fczerine d\u00fczenlenen nitelikli operasyonda yuvada bulunan muhtelif t\u00fcr b\u00fcy\u00fck miktarda cephaneye el konuldu\u011funu ifade etti. Kaynak tekfirci ter\u00f6ristlere ait yuvada bulunan silahlar\u0131n aras\u0131nda ABD &hellip;<\/p>\n","protected":false},"author":1,"featured_media":77251,"comment_status":"closed","ping_status":"closed","sticky":false,"template":"","format":"standard","meta":{"footnotes":""},"categories":[575,17988],"tags":[21922],"class_list":["post-77248","post","type-post","status-publish","format-standard","has-post-thumbnail","","category-olaylar-ve-gercekler","category-son-haberler","tag-teror-yuvasinda-amerikan-silahlari-bulundu"],"_links":{"self":[{"href":"https:\/\/archive.sana.sy\/tr\/index.php?rest_route=\/wp\/v2\/posts\/77248","targetHints":{"allow":["GET"]}}],"collection":[{"href":"https:\/\/archive.sana.sy\/tr\/index.php?rest_route=\/wp\/v2\/posts"}],"about":[{"href":"https:\/\/archive.sana.sy\/tr\/index.php?rest_route=\/wp\/v2\/types\/post"}],"author":[{"embeddable":true,"href":"https:\/\/archive.sana.sy\/tr\/index.php?rest_route=\/wp\/v2\/users\/1"}],"replies":[{"embeddable":true,"href":"https:\/\/archive.sana.sy\/tr\/index.php?rest_route=%2Fwp%2Fv2%2Fcomments&post=77248"}],"version-history":[{"count":0,"href":"https:\/\/archive.sana.sy\/tr\/index.php?rest_route=\/wp\/v2\/posts\/77248\/revisions"}],"wp:featuredmedia":[{"embeddable":true,"href":"https:\/\/archive.sana.sy\/tr\/index.php?rest_route=\/wp\/v2\/media\/77251"}],"wp:attachment":[{"href":"https:\/\/archive.sana.sy\/tr\/index.php?rest_route=%2Fwp%2Fv2%2Fmedia&parent=77248"}],"wp:term":[{"taxonomy":"category","embeddable":true,"href":"https:\/\/archive.sana.sy\/tr\/index.php?rest_route=%2Fwp%2Fv2%2Fcategories&post=77248"},{"taxonomy":"post_tag","embeddable":true,"href":"https:\/\/archive.sana.sy\/tr\/index.php?rest_route=%2Fwp%2Fv2%2Ftags&post=77248"}],"curies":[{"name":"wp","href":"https:\/\/api.w.org\/{rel}","templated":true}]}}