{"id":77263,"date":"2016-06-22T11:21:49","date_gmt":"2016-06-22T08:21:49","guid":{"rendered":"http:\/\/www.sana.sy\/tr\/?p=77263"},"modified":"2016-06-22T13:48:14","modified_gmt":"2016-06-22T10:48:14","slug":"bakanlik-kaynagi-suriyenin-terore-karsi-mucadele-ve-bolgenin-guvenliginin-saglanmasinda-kardes-ulkelerle-isbirligi-icinde-olmaya-her-zaman-hazir-oldugunu-da-bir-kez-daha-vurguladi","status":"publish","type":"post","link":"https:\/\/archive.sana.sy\/tr\/?p=77263","title":{"rendered":"Bakanl\u0131k kayna\u011f\u0131 Suriye&#8217;nin ter\u00f6re kar\u015f\u0131 m\u00fccadele ve b\u00f6lgenin g\u00fcvenli\u011finin sa\u011flanmas\u0131nda karde\u015f \u00fclkelerle i\u015fbirli\u011fi i\u00e7inde olmaya her zaman haz\u0131r oldu\u011funu da bir kez daha vurgulad\u0131"},"content":{"rendered":"<p>Bakanl\u0131k kayna\u011f\u0131 Suriye&#8217;nin ter\u00f6re kar\u015f\u0131 m\u00fccadele ve b\u00f6lgenin g\u00fcvenli\u011finin sa\u011flanmas\u0131nda karde\u015f \u00fclkelerle i\u015fbirli\u011fi i\u00e7inde olmaya her zaman haz\u0131r oldu\u011funu da bir kez daha vurgulad\u0131<\/p>\n","protected":false},"excerpt":{"rendered":"<p>Bakanl\u0131k kayna\u011f\u0131 Suriye&#8217;nin ter\u00f6re kar\u015f\u0131 m\u00fccadele ve b\u00f6lgenin g\u00fcvenli\u011finin sa\u011flanmas\u0131nda karde\u015f \u00fclkelerle i\u015fbirli\u011fi i\u00e7inde olmaya her zaman haz\u0131r oldu\u011funu da bir kez daha vurgulad\u0131<\/p>\n","protected":false},"author":1,"featured_media":0,"comment_status":"closed","ping_status":"closed","sticky":false,"template":"","format":"standard","meta":{"footnotes":""},"categories":[17991],"tags":[],"class_list":["post-77263","post","type-post","status-publish","format-standard","","category-son-dakika"],"_links":{"self":[{"href":"https:\/\/archive.sana.sy\/tr\/index.php?rest_route=\/wp\/v2\/posts\/77263","targetHints":{"allow":["GET"]}}],"collection":[{"href":"https:\/\/archive.sana.sy\/tr\/index.php?rest_route=\/wp\/v2\/posts"}],"about":[{"href":"https:\/\/archive.sana.sy\/tr\/index.php?rest_route=\/wp\/v2\/types\/post"}],"author":[{"embeddable":true,"href":"https:\/\/archive.sana.sy\/tr\/index.php?rest_route=\/wp\/v2\/users\/1"}],"replies":[{"embeddable":true,"href":"https:\/\/archive.sana.sy\/tr\/index.php?rest_route=%2Fwp%2Fv2%2Fcomments&post=77263"}],"version-history":[{"count":0,"href":"https:\/\/archive.sana.sy\/tr\/index.php?rest_route=\/wp\/v2\/posts\/77263\/revisions"}],"wp:attachment":[{"href":"https:\/\/archive.sana.sy\/tr\/index.php?rest_route=%2Fwp%2Fv2%2Fmedia&parent=77263"}],"wp:term":[{"taxonomy":"category","embeddable":true,"href":"https:\/\/archive.sana.sy\/tr\/index.php?rest_route=%2Fwp%2Fv2%2Fcategories&post=77263"},{"taxonomy":"post_tag","embeddable":true,"href":"https:\/\/archive.sana.sy\/tr\/index.php?rest_route=%2Fwp%2Fv2%2Ftags&post=77263"}],"curies":[{"name":"wp","href":"https:\/\/api.w.org\/{rel}","templated":true}]}}