{"id":77265,"date":"2016-06-22T11:25:34","date_gmt":"2016-06-22T08:25:34","guid":{"rendered":"http:\/\/www.sana.sy\/tr\/?p=77265"},"modified":"2016-06-22T13:48:54","modified_gmt":"2016-06-22T10:48:54","slug":"urdun-silahli-kuvvetlerinden-bir-kaynak-dun-suriye-sinirlarina-yakin-rekban-bolgesinde-askeri-bir-mevkie-bombali-aracla-duzenlenen-saldiri-sonucunda-urdunlu-6-askerin-oldugunu-14-askerin-de-yaralandig","status":"publish","type":"post","link":"https:\/\/archive.sana.sy\/tr\/?p=77265","title":{"rendered":"\u00dcrd\u00fcn silahl\u0131 kuvvetlerinden bir kaynak d\u00fcn Suriye s\u0131n\u0131rlar\u0131na yak\u0131n Rekban B\u00f6lgesinde askeri bir mevkie bombal\u0131 ara\u00e7la d\u00fczenlenen sald\u0131r\u0131 sonucunda \u00dcrd\u00fcnl\u00fc 6 askerin \u00f6ld\u00fc\u011f\u00fcn\u00fc 14 askerin de yaraland\u0131\u011f\u0131n\u0131 ifade etmi\u015fti"},"content":{"rendered":"<p>\u00dcrd\u00fcn silahl\u0131 kuvvetlerinden bir kaynak d\u00fcn Suriye s\u0131n\u0131rlar\u0131na yak\u0131n Rekban B\u00f6lgesinde askeri bir mevkie bombal\u0131 ara\u00e7la d\u00fczenlenen sald\u0131r\u0131 sonucunda \u00dcrd\u00fcnl\u00fc 6 askerin \u00f6ld\u00fc\u011f\u00fcn\u00fc 14 askerin de yaraland\u0131\u011f\u0131n\u0131 ifade etmi\u015fti<\/p>\n","protected":false},"excerpt":{"rendered":"<p>\u00dcrd\u00fcn silahl\u0131 kuvvetlerinden bir kaynak d\u00fcn Suriye s\u0131n\u0131rlar\u0131na yak\u0131n Rekban B\u00f6lgesinde askeri bir mevkie bombal\u0131 ara\u00e7la d\u00fczenlenen sald\u0131r\u0131 sonucunda \u00dcrd\u00fcnl\u00fc 6 askerin \u00f6ld\u00fc\u011f\u00fcn\u00fc 14 askerin de yaraland\u0131\u011f\u0131n\u0131 ifade etmi\u015fti<\/p>\n","protected":false},"author":1,"featured_media":0,"comment_status":"closed","ping_status":"closed","sticky":false,"template":"","format":"standard","meta":{"footnotes":""},"categories":[17991],"tags":[],"class_list":["post-77265","post","type-post","status-publish","format-standard","","category-son-dakika"],"_links":{"self":[{"href":"https:\/\/archive.sana.sy\/tr\/index.php?rest_route=\/wp\/v2\/posts\/77265","targetHints":{"allow":["GET"]}}],"collection":[{"href":"https:\/\/archive.sana.sy\/tr\/index.php?rest_route=\/wp\/v2\/posts"}],"about":[{"href":"https:\/\/archive.sana.sy\/tr\/index.php?rest_route=\/wp\/v2\/types\/post"}],"author":[{"embeddable":true,"href":"https:\/\/archive.sana.sy\/tr\/index.php?rest_route=\/wp\/v2\/users\/1"}],"replies":[{"embeddable":true,"href":"https:\/\/archive.sana.sy\/tr\/index.php?rest_route=%2Fwp%2Fv2%2Fcomments&post=77265"}],"version-history":[{"count":0,"href":"https:\/\/archive.sana.sy\/tr\/index.php?rest_route=\/wp\/v2\/posts\/77265\/revisions"}],"wp:attachment":[{"href":"https:\/\/archive.sana.sy\/tr\/index.php?rest_route=%2Fwp%2Fv2%2Fmedia&parent=77265"}],"wp:term":[{"taxonomy":"category","embeddable":true,"href":"https:\/\/archive.sana.sy\/tr\/index.php?rest_route=%2Fwp%2Fv2%2Fcategories&post=77265"},{"taxonomy":"post_tag","embeddable":true,"href":"https:\/\/archive.sana.sy\/tr\/index.php?rest_route=%2Fwp%2Fv2%2Ftags&post=77265"}],"curies":[{"name":"wp","href":"https:\/\/api.w.org\/{rel}","templated":true}]}}