{"id":7728,"date":"2014-08-19T21:00:23","date_gmt":"2014-08-19T18:00:23","guid":{"rendered":"http:\/\/www.sana.sy\/tr\/?p=7728"},"modified":"2014-08-19T21:00:23","modified_gmt":"2014-08-19T18:00:23","slug":"cerkes-koylerin-talepleriyle-ilgilenecek-bir-komite-teskil-edildi","status":"publish","type":"post","link":"https:\/\/archive.sana.sy\/tr\/?p=7728","title":{"rendered":"\u00c7erkes K\u00f6ylerin Talepleriyle \u0130lgilenecek Bir Komite Te\u015fkil Edildi"},"content":{"rendered":"<p>\u015eAM \u2013 Halk Meclisinde Ulusal Uzla\u015fma Komitesi ve \u00c7erkes Dan\u0131\u015fma Kurulu temsilcileri bug\u00fcn ka\u00e7\u0131r\u0131lm\u0131\u015f, tutuklu ve kay\u0131p vatanda\u015flar\u0131n dosyalar\u0131n\u0131n \u00e7\u00f6z\u00fcm\u00fcnde i\u015fbirli\u011fi ve koordinasyon mekanizmalar\u0131n\u0131 masaya yat\u0131rd\u0131.<\/p>\n<p>Oturumda bir\u00e7ok k\u00f6yde mevcut olan ulusal uzla\u015fmalar\u0131n g\u00fc\u00e7lendirilip korunmas\u0131yla birlikte bu k\u00f6ylerin ahalisinin evlerine d\u00f6nmeleri ve silahl\u0131 evlatlar\u0131n\u0131n silahlar\u0131yla teslim olmalar\u0131yla kanuni durumlar\u0131n\u0131n d\u00fczeltilmesi konular\u0131 tart\u0131\u015f\u0131ld\u0131.<\/p>\n<p><a href=\"http:\/\/www.sana.sy\/tr\/wp-content\/uploads\/2014\/08\/komite-2.jpg\"><img loading=\"lazy\" decoding=\"async\" class=\"alignright wp-image-7730 size-medium\" src=\"http:\/\/www.sana.sy\/tr\/wp-content\/uploads\/2014\/08\/komite-2-300x200.jpg\" alt=\"komite 2\" width=\"300\" height=\"200\" srcset=\"https:\/\/archive.sana.sy\/tr\/wp-content\/uploads\/2014\/08\/komite-2-300x200.jpg 300w, https:\/\/archive.sana.sy\/tr\/wp-content\/uploads\/2014\/08\/komite-2-150x100.jpg 150w, https:\/\/archive.sana.sy\/tr\/wp-content\/uploads\/2014\/08\/komite-2.jpg 304w\" sizes=\"auto, (max-width: 300px) 100vw, 300px\" \/><\/a>Ulusal Uzla\u015fma Komitesi \u00fcyeleri oturumda; vatanda\u015flar\u0131n durumlar\u0131n\u0131 k\u00f6t\u00fcye kullan\u0131p ulusal uzla\u015fma komitesi ad\u0131na \u00e7al\u0131\u015ft\u0131klar\u0131n\u0131 iddia ederek vatanda\u015flar\u0131 kand\u0131ran provokat\u00f6rlere s\u0131n\u0131r koymakla birlikte ka\u00e7\u0131r\u0131lm\u0131\u015f, tutuklu ve kay\u0131p vatanda\u015flar\u0131n dosyalar\u0131n\u0131 \u00e7\u00f6z\u00fcme kavu\u015fturmada t\u00fcm sivil toplum ve halk kurumlar\u0131yla i\u015fbirli\u011fi i\u00e7inde her \u00e7abay\u0131 sarf etmeye haz\u0131r olduklar\u0131n\u0131 belirtti.<\/p>\n<p>Oturumda \u015eam k\u0131rsal\u0131 ve ba\u015fka yerlerde \u00c7erkes k\u00f6y ve beldelerin talepleriyle ilgilenecek iki taraftan ortak bir komite te\u015fkil edildi.<\/p>\n<p>Oturum bitiminde bas\u0131na a\u00e7\u0131klama yapan Ulusal Uzla\u015fma Komitesi Ba\u015fkan\u0131 \u00d6mer Osi; \u015eam k\u0131rsal\u0131 ve Kunaytra k\u0131rsal\u0131n\u0131n yan\u0131 s\u0131ra yurdun ba\u015fka yerlerinde bulunan \u00c7erkes b\u00f6lgelerden se\u00e7ilen ve 40 \u00fcyeden olu\u015fan \u00c7erkes Dan\u0131\u015fma Kurulu temsilcileriyle ka\u00e7\u0131r\u0131lm\u0131\u015f, tutuklu yada kay\u0131p vatanda\u015flar\u0131n dosyalar\u0131na \u00e7\u00f6z\u00fcm bulma \u00fczerine odakland\u0131klar\u0131n\u0131 s\u00f6yledi.<\/p>\n<p>Kurul Ba\u015fkan\u0131 Adnan Kabaday ise benzer bir a\u00e7\u0131klamada; ka\u00e7\u0131r\u0131lm\u0131\u015f ve tutuklular\u0131n ailelerine d\u00f6nmeleriyle birlikte tehcir edilenlerin evlerine d\u00f6nmelerinde i\u015fbirli\u011fi ve koordinasyon amac\u0131yla Ulusal Uzla\u015fma Komitesi ile bir araya geldiklerini s\u00f6yledi.<\/p>\n","protected":false},"excerpt":{"rendered":"<p>\u015eAM \u2013 Halk Meclisinde Ulusal Uzla\u015fma Komitesi ve \u00c7erkes Dan\u0131\u015fma Kurulu temsilcileri bug\u00fcn ka\u00e7\u0131r\u0131lm\u0131\u015f, tutuklu ve kay\u0131p vatanda\u015flar\u0131n dosyalar\u0131n\u0131n \u00e7\u00f6z\u00fcm\u00fcnde i\u015fbirli\u011fi ve koordinasyon mekanizmalar\u0131n\u0131 masaya yat\u0131rd\u0131. Oturumda bir\u00e7ok k\u00f6yde mevcut olan ulusal uzla\u015fmalar\u0131n g\u00fc\u00e7lendirilip korunmas\u0131yla birlikte bu k\u00f6ylerin ahalisinin evlerine d\u00f6nmeleri ve silahl\u0131 evlatlar\u0131n\u0131n silahlar\u0131yla teslim olmalar\u0131yla kanuni durumlar\u0131n\u0131n d\u00fczeltilmesi konular\u0131 tart\u0131\u015f\u0131ld\u0131. Ulusal Uzla\u015fma Komitesi &hellip;<\/p>\n","protected":false},"author":1,"featured_media":7729,"comment_status":"closed","ping_status":"closed","sticky":false,"template":"","format":"standard","meta":{"footnotes":""},"categories":[479,575,447,478],"tags":[1728],"class_list":["post-7728","post","type-post","status-publish","format-standard","has-post-thumbnail","","category-haberler-yerel","category-olaylar-ve-gercekler","category-politika","category-yerel","tag-cerkes-koylerin-talepleriyle-ilgilenecek-bir-komite-teskil-edildi"],"_links":{"self":[{"href":"https:\/\/archive.sana.sy\/tr\/index.php?rest_route=\/wp\/v2\/posts\/7728","targetHints":{"allow":["GET"]}}],"collection":[{"href":"https:\/\/archive.sana.sy\/tr\/index.php?rest_route=\/wp\/v2\/posts"}],"about":[{"href":"https:\/\/archive.sana.sy\/tr\/index.php?rest_route=\/wp\/v2\/types\/post"}],"author":[{"embeddable":true,"href":"https:\/\/archive.sana.sy\/tr\/index.php?rest_route=\/wp\/v2\/users\/1"}],"replies":[{"embeddable":true,"href":"https:\/\/archive.sana.sy\/tr\/index.php?rest_route=%2Fwp%2Fv2%2Fcomments&post=7728"}],"version-history":[{"count":0,"href":"https:\/\/archive.sana.sy\/tr\/index.php?rest_route=\/wp\/v2\/posts\/7728\/revisions"}],"wp:featuredmedia":[{"embeddable":true,"href":"https:\/\/archive.sana.sy\/tr\/index.php?rest_route=\/wp\/v2\/media\/7729"}],"wp:attachment":[{"href":"https:\/\/archive.sana.sy\/tr\/index.php?rest_route=%2Fwp%2Fv2%2Fmedia&parent=7728"}],"wp:term":[{"taxonomy":"category","embeddable":true,"href":"https:\/\/archive.sana.sy\/tr\/index.php?rest_route=%2Fwp%2Fv2%2Fcategories&post=7728"},{"taxonomy":"post_tag","embeddable":true,"href":"https:\/\/archive.sana.sy\/tr\/index.php?rest_route=%2Fwp%2Fv2%2Ftags&post=7728"}],"curies":[{"name":"wp","href":"https:\/\/api.w.org\/{rel}","templated":true}]}}