{"id":77287,"date":"2016-06-22T14:46:20","date_gmt":"2016-06-22T11:46:20","guid":{"rendered":"http:\/\/www.sana.sy\/tr\/?p=77287"},"modified":"2016-06-23T16:33:17","modified_gmt":"2016-06-23T13:33:17","slug":"hamis-yeni-hukumeti-teskil-etmekle-gorevlendirildi","status":"publish","type":"post","link":"https:\/\/archive.sana.sy\/tr\/?p=77287","title":{"rendered":"Hamis Yeni H\u00fck\u00fcmeti Te\u015fkil Etmekle G\u00f6revlendirildi"},"content":{"rendered":"<p>\u015eAM \u2013 Cumhurba\u015fkan\u0131 Be\u015f\u015far el Esad bug\u00fcn \u0130mad Muhammed Diyb Hamis\u2019in yeni kabineyi te\u015fkil etmekle g\u00f6revlendirilmesini \u00f6ng\u00f6ren 2016\/187 say\u0131l\u0131 kararnameyi onaylad\u0131.<\/p>\n<p>13 Nisan tarihinde yap\u0131lan Halk Meclisi se\u00e7imlerinden sonra anayasa ve kanunlar kapsam\u0131nda Vail el Halaki ba\u015fkanl\u0131\u011f\u0131ndaki h\u00fck\u00fcmet, i\u015fleri y\u00fcr\u00fctme kabinesi s\u0131fat\u0131n\u0131 kazanm\u0131\u015ft\u0131.<\/p>\n<p>Son iki h\u00fck\u00fcmette Elektrik Bakan\u0131 g\u00f6revinde bulunan Hamis, 1961 y\u0131l\u0131nda \u015eam K\u0131rsal kesiminde do\u011fdu. 1981 y\u0131l\u0131nda \u015eam \u00dcniversitesi Elektrik M\u00fchendisli\u011fi Fak\u00fcltesinden mezun oldu. 1987-2005 y\u0131llar\u0131 aras\u0131nda Elektrik Enerjisi Yat\u0131r\u0131m ve Da\u011f\u0131t\u0131m Genel Kurumuna ba\u011fl\u0131 farkl\u0131 m\u00fcd\u00fcrl\u00fcklerde g\u00f6rev yapt\u0131. 2005-2008 y\u0131llar\u0131 aras\u0131nda ise \u015eam k\u0131rsal kesimi Elektrik Genel \u015eirketi Genel M\u00fcd\u00fcrl\u00fc\u011f\u00fc g\u00f6revini \u00fcstlendi. 2008 y\u0131l\u0131ndan beri Elektrik Enerjisi Yat\u0131r\u0131m ve Da\u011f\u0131t\u0131m Genel Kurumu Genel M\u00fcd\u00fcr\u00fc olarak g\u00f6rev yapt\u0131. Hamis, evli olup iki k\u0131z, bir erkek toplam \u00fc\u00e7 \u00e7ocu\u011fu bulunuyor.<\/p>\n<p>1977 y\u0131l\u0131nda Sosyalist Arap el Baas Partisine kat\u0131lan Hamis; 2013 y\u0131l\u0131nda partinin merkez kurulu \u00fcyeli\u011fine se\u00e7ildi.<\/p>\n","protected":false},"excerpt":{"rendered":"<p>\u015eAM \u2013 Cumhurba\u015fkan\u0131 Be\u015f\u015far el Esad bug\u00fcn \u0130mad Muhammed Diyb Hamis\u2019in yeni kabineyi te\u015fkil etmekle g\u00f6revlendirilmesini \u00f6ng\u00f6ren 2016\/187 say\u0131l\u0131 kararnameyi onaylad\u0131. 13 Nisan tarihinde yap\u0131lan Halk Meclisi se\u00e7imlerinden sonra anayasa ve kanunlar kapsam\u0131nda Vail el Halaki ba\u015fkanl\u0131\u011f\u0131ndaki h\u00fck\u00fcmet, i\u015fleri y\u00fcr\u00fctme kabinesi s\u0131fat\u0131n\u0131 kazanm\u0131\u015ft\u0131. Son iki h\u00fck\u00fcmette Elektrik Bakan\u0131 g\u00f6revinde bulunan Hamis, 1961 y\u0131l\u0131nda \u015eam K\u0131rsal &hellip;<\/p>\n","protected":false},"author":1,"featured_media":77292,"comment_status":"closed","ping_status":"closed","sticky":false,"template":"","format":"standard","meta":{"footnotes":""},"categories":[479,605,17988,612,599,478],"tags":[17256,21934,19946,21933],"class_list":["post-77287","post","type-post","status-publish","format-standard","has-post-thumbnail","","category-haberler-yerel","category-sayin-cumhurbaskani","category-son-haberler","category-yasama-kararnameler","category-yasama-ve-kanunlar","category-yerel","tag-bessar-el-esad","tag-imad-hamis","tag-kararname","tag-yeni-hukumet-teskili"],"_links":{"self":[{"href":"https:\/\/archive.sana.sy\/tr\/index.php?rest_route=\/wp\/v2\/posts\/77287","targetHints":{"allow":["GET"]}}],"collection":[{"href":"https:\/\/archive.sana.sy\/tr\/index.php?rest_route=\/wp\/v2\/posts"}],"about":[{"href":"https:\/\/archive.sana.sy\/tr\/index.php?rest_route=\/wp\/v2\/types\/post"}],"author":[{"embeddable":true,"href":"https:\/\/archive.sana.sy\/tr\/index.php?rest_route=\/wp\/v2\/users\/1"}],"replies":[{"embeddable":true,"href":"https:\/\/archive.sana.sy\/tr\/index.php?rest_route=%2Fwp%2Fv2%2Fcomments&post=77287"}],"version-history":[{"count":0,"href":"https:\/\/archive.sana.sy\/tr\/index.php?rest_route=\/wp\/v2\/posts\/77287\/revisions"}],"wp:featuredmedia":[{"embeddable":true,"href":"https:\/\/archive.sana.sy\/tr\/index.php?rest_route=\/wp\/v2\/media\/77292"}],"wp:attachment":[{"href":"https:\/\/archive.sana.sy\/tr\/index.php?rest_route=%2Fwp%2Fv2%2Fmedia&parent=77287"}],"wp:term":[{"taxonomy":"category","embeddable":true,"href":"https:\/\/archive.sana.sy\/tr\/index.php?rest_route=%2Fwp%2Fv2%2Fcategories&post=77287"},{"taxonomy":"post_tag","embeddable":true,"href":"https:\/\/archive.sana.sy\/tr\/index.php?rest_route=%2Fwp%2Fv2%2Ftags&post=77287"}],"curies":[{"name":"wp","href":"https:\/\/api.w.org\/{rel}","templated":true}]}}