{"id":77301,"date":"2016-06-22T16:50:07","date_gmt":"2016-06-22T13:50:07","guid":{"rendered":"http:\/\/www.sana.sy\/tr\/?p=77301"},"modified":"2016-06-23T09:51:57","modified_gmt":"2016-06-23T06:51:57","slug":"unicef-ve-unhcr-temsilcileriyle-isbirligini-pekistirme-olanaklarini-gorustu","status":"publish","type":"post","link":"https:\/\/archive.sana.sy\/tr\/?p=77301","title":{"rendered":"UNICEF ve UNHCR Temsilcileriyle \u0130\u015fbirli\u011fini Peki\u015ftirme Olanaklar\u0131n\u0131 G\u00f6r\u00fc\u015ft\u00fc"},"content":{"rendered":"<p>HALEP \u2013 Halep Valisi Muhammed Mervan el Ulebi bug\u00fcn BM \u00c7ocuk Esirgeme Kurumu UNICEF\u2019in Suriye&#8217;deki mukim temsilcisi Hena Sencer ve BM M\u00fclteciler Y\u00fcksek Komiserli\u011fi UNHCR\u2019in Suriye temsilcisi Scad Malik ile ayr\u0131 ay\u0131r olarak Halep\u2019te insani durumlar ve bu ba\u011flamda ortak \u00e7al\u0131\u015fmalar\u0131 artt\u0131rma olanaklar\u0131n\u0131 masaya yat\u0131rd\u0131.<\/p>\n<p>D\u0131\u015f g\u00fc\u00e7lerin destek ve komutas\u0131nda faaliyet g\u00f6steren ter\u00f6r \u00f6rg\u00fctlerin eylemleri neticesinde hasar g\u00f6ren vatanda\u015flara yard\u0131m etme ama\u00e7l\u0131 ortak \u00e7abalar\u0131n ele al\u0131nd\u0131\u011f\u0131 g\u00f6r\u00fc\u015fmede tehcir edilen ailelerin ikamet ettikleri Cebrin binalar\u0131n\u0131 onarma olanaklar\u0131 ele al\u0131nd\u0131.<\/p>\n<p>Vali Ulebi iki mevcut i\u015fbirli\u011finin takdire \u015fayan oldu\u011funu ifade ederken Suriye&#8217;nin \u00f6zellikle ter\u00f6r ma\u011fdurlar\u0131 vatanda\u015flar\u0131n ac\u0131lar\u0131n\u0131 hafifletme ve ihtiya\u00e7lar\u0131n\u0131 kar\u015f\u0131lama ama\u00e7l\u0131 \u00e7abalar\u0131na dikkat \u00e7ekti.<\/p>\n<p>Sencer ise Suriye h\u00fck\u00fcmeti ile i\u015fbirli\u011fi ile Suriye halk\u0131na yard\u0131mlar\u0131n\u0131 s\u00fcrd\u00fcrme \u00f6zeninde oldu\u011funu ifade ederken, UNICEF\u2019in bu y\u0131l Halep\u2019te 100 su kuyusunu onarmakla birlikte okullar\u0131ndan ka\u00e7an 50 bin \u00e7ocu\u011fa e\u011fitimlerinde yard\u0131m etmeyi i\u00e7erdi\u011fini s\u00f6yledi. Sencer Halep Valili\u011finin UNICEF ekibi ile i\u015fbirli\u011fi ve sa\u011flad\u0131\u011f\u0131 kolayl\u0131klar\u0131 \u00f6vd\u00fc.<\/p>\n<p>Kendi taraf\u0131ndan Malik; Halep\u2019te ihtiya\u00e7 sahibi ailelerin durumlar\u0131n\u0131 ele alma ve onlara yard\u0131m \u00e7al\u0131\u015fmalar\u0131n\u0131 artt\u0131rma planlar\u0131na dikkat \u00e7ekerken, daha \u00f6nce Halep\u2019te yetkililerle g\u00f6r\u00fc\u015f\u00fclen ve kararla\u015ft\u0131r\u0131lan meselelerin hayata ge\u00e7irildi\u011fine i\u015faret etti.<\/p>\n","protected":false},"excerpt":{"rendered":"<p>HALEP \u2013 Halep Valisi Muhammed Mervan el Ulebi bug\u00fcn BM \u00c7ocuk Esirgeme Kurumu UNICEF\u2019in Suriye&#8217;deki mukim temsilcisi Hena Sencer ve BM M\u00fclteciler Y\u00fcksek Komiserli\u011fi UNHCR\u2019in Suriye temsilcisi Scad Malik ile ayr\u0131 ay\u0131r olarak Halep\u2019te insani durumlar ve bu ba\u011flamda ortak \u00e7al\u0131\u015fmalar\u0131 artt\u0131rma olanaklar\u0131n\u0131 masaya yat\u0131rd\u0131. D\u0131\u015f g\u00fc\u00e7lerin destek ve komutas\u0131nda faaliyet g\u00f6steren ter\u00f6r \u00f6rg\u00fctlerin eylemleri &hellip;<\/p>\n","protected":false},"author":1,"featured_media":77310,"comment_status":"closed","ping_status":"closed","sticky":false,"template":"","format":"standard","meta":{"footnotes":""},"categories":[479,17988,478],"tags":[21939],"class_list":["post-77301","post","type-post","status-publish","format-standard","has-post-thumbnail","","category-haberler-yerel","category-son-haberler","category-yerel","tag-unicef-ve-unhcr-temsilcileriyle-isbirligini-pekistirme-olanaklarini-gorustu"],"_links":{"self":[{"href":"https:\/\/archive.sana.sy\/tr\/index.php?rest_route=\/wp\/v2\/posts\/77301","targetHints":{"allow":["GET"]}}],"collection":[{"href":"https:\/\/archive.sana.sy\/tr\/index.php?rest_route=\/wp\/v2\/posts"}],"about":[{"href":"https:\/\/archive.sana.sy\/tr\/index.php?rest_route=\/wp\/v2\/types\/post"}],"author":[{"embeddable":true,"href":"https:\/\/archive.sana.sy\/tr\/index.php?rest_route=\/wp\/v2\/users\/1"}],"replies":[{"embeddable":true,"href":"https:\/\/archive.sana.sy\/tr\/index.php?rest_route=%2Fwp%2Fv2%2Fcomments&post=77301"}],"version-history":[{"count":0,"href":"https:\/\/archive.sana.sy\/tr\/index.php?rest_route=\/wp\/v2\/posts\/77301\/revisions"}],"wp:featuredmedia":[{"embeddable":true,"href":"https:\/\/archive.sana.sy\/tr\/index.php?rest_route=\/wp\/v2\/media\/77310"}],"wp:attachment":[{"href":"https:\/\/archive.sana.sy\/tr\/index.php?rest_route=%2Fwp%2Fv2%2Fmedia&parent=77301"}],"wp:term":[{"taxonomy":"category","embeddable":true,"href":"https:\/\/archive.sana.sy\/tr\/index.php?rest_route=%2Fwp%2Fv2%2Fcategories&post=77301"},{"taxonomy":"post_tag","embeddable":true,"href":"https:\/\/archive.sana.sy\/tr\/index.php?rest_route=%2Fwp%2Fv2%2Ftags&post=77301"}],"curies":[{"name":"wp","href":"https:\/\/api.w.org\/{rel}","templated":true}]}}