{"id":77306,"date":"2016-06-22T12:08:05","date_gmt":"2016-06-22T09:08:05","guid":{"rendered":"http:\/\/www.sana.sy\/tr\/?p=77306"},"modified":"2016-06-23T09:51:40","modified_gmt":"2016-06-23T06:51:40","slug":"suriye-kadinlari-dunyaya-mesaj-verdi","status":"publish","type":"post","link":"https:\/\/archive.sana.sy\/tr\/?p=77306","title":{"rendered":"Suriye Kad\u0131nlar\u0131 D\u00fcnyaya Mesaj Verdi"},"content":{"rendered":"<p>LAZK\u0130YE \u2013 Suriye&#8217;nin muhtelif illerinden ve b\u00f6lgelerinden Lazkiye sahilinde toplanan Suriyeli kad\u0131nlar; Suriye haritas\u0131 maketlerinin \u00fcst\u00fcnde mumlar yakarak t\u00fcm d\u00fcnyaya bir mesajla bu maketleri denize sald\u0131lar.<\/p>\n<p>Faaliyet kat\u0131l\u0131mc\u0131lar\u0131 \u2018Nur el Selam\u2019 (Bar\u0131\u015f Nuru) slogan\u0131 alt\u0131nda ba\u015flatt\u0131klar\u0131 girimle kad\u0131nlar\u0131n, vatan\u0131 ter\u00f6re ve d\u0131\u015f m\u00fcdahalelere kar\u015f\u0131 savunmada \u00f6nemli bir misyon \u00fcstlenebilecekleri mesaj\u0131 vermek istediklerini ifade etti.<\/p>\n<p>Afrodit Kurumunun organize etti\u011fi gi\u015firim, Suriye&#8217;deki krize siyasi \u00e7\u00f6z\u00fcme destek olmakla birlikte kad\u0131n\u0131n toplum i\u00e7indeki rol\u00fcn\u00fc peki\u015ftirmekle birlikte sosyal kalk\u0131nmaya katk\u0131s\u0131n\u0131 artt\u0131rma ama\u00e7l\u0131 yeni anayasalar haz\u0131rlama hedefinde kad\u0131n kitlelerini \u00f6rg\u00fctleme amac\u0131 ta\u015f\u0131yor.<\/p>\n<p>Afrodit Kurumu M\u00fcd\u00fcr\u00fc ve giri\u015fim organizat\u00f6r\u00fc Meys Kreydi; bu giri\u015fimle Suriye kad\u0131nlar\u0131n\u0131n bar\u0131\u015f\u0131n \u00fcreticileri olduklar\u0131n\u0131 ve bar\u0131\u015f\u0131 t\u00fcm d\u00fcnyaya verme g\u00fcc\u00fcne sahip olduklar\u0131n\u0131 g\u00f6stermek istediklerini s\u00f6yledi. Kreydi Suriye kad\u0131nlar\u0131n\u0131n ayr\u0131ca, toplum i\u00e7indeki bo\u015fluklar\u0131 kapatabilecek en uygun kesim olduklar\u0131n\u0131 da ifade etti.<\/p>\n","protected":false},"excerpt":{"rendered":"<p>LAZK\u0130YE \u2013 Suriye&#8217;nin muhtelif illerinden ve b\u00f6lgelerinden Lazkiye sahilinde toplanan Suriyeli kad\u0131nlar; Suriye haritas\u0131 maketlerinin \u00fcst\u00fcnde mumlar yakarak t\u00fcm d\u00fcnyaya bir mesajla bu maketleri denize sald\u0131lar. Faaliyet kat\u0131l\u0131mc\u0131lar\u0131 \u2018Nur el Selam\u2019 (Bar\u0131\u015f Nuru) slogan\u0131 alt\u0131nda ba\u015flatt\u0131klar\u0131 girimle kad\u0131nlar\u0131n, vatan\u0131 ter\u00f6re ve d\u0131\u015f m\u00fcdahalelere kar\u015f\u0131 savunmada \u00f6nemli bir misyon \u00fcstlenebilecekleri mesaj\u0131 vermek istediklerini ifade etti. Afrodit &hellip;<\/p>\n","protected":false},"author":1,"featured_media":77307,"comment_status":"closed","ping_status":"closed","sticky":false,"template":"","format":"standard","meta":{"footnotes":""},"categories":[479,17988,478],"tags":[21938],"class_list":["post-77306","post","type-post","status-publish","format-standard","has-post-thumbnail","","category-haberler-yerel","category-son-haberler","category-yerel","tag-suriye-kadinlari-dunyaya-mesaj-verdi"],"_links":{"self":[{"href":"https:\/\/archive.sana.sy\/tr\/index.php?rest_route=\/wp\/v2\/posts\/77306","targetHints":{"allow":["GET"]}}],"collection":[{"href":"https:\/\/archive.sana.sy\/tr\/index.php?rest_route=\/wp\/v2\/posts"}],"about":[{"href":"https:\/\/archive.sana.sy\/tr\/index.php?rest_route=\/wp\/v2\/types\/post"}],"author":[{"embeddable":true,"href":"https:\/\/archive.sana.sy\/tr\/index.php?rest_route=\/wp\/v2\/users\/1"}],"replies":[{"embeddable":true,"href":"https:\/\/archive.sana.sy\/tr\/index.php?rest_route=%2Fwp%2Fv2%2Fcomments&post=77306"}],"version-history":[{"count":0,"href":"https:\/\/archive.sana.sy\/tr\/index.php?rest_route=\/wp\/v2\/posts\/77306\/revisions"}],"wp:featuredmedia":[{"embeddable":true,"href":"https:\/\/archive.sana.sy\/tr\/index.php?rest_route=\/wp\/v2\/media\/77307"}],"wp:attachment":[{"href":"https:\/\/archive.sana.sy\/tr\/index.php?rest_route=%2Fwp%2Fv2%2Fmedia&parent=77306"}],"wp:term":[{"taxonomy":"category","embeddable":true,"href":"https:\/\/archive.sana.sy\/tr\/index.php?rest_route=%2Fwp%2Fv2%2Fcategories&post=77306"},{"taxonomy":"post_tag","embeddable":true,"href":"https:\/\/archive.sana.sy\/tr\/index.php?rest_route=%2Fwp%2Fv2%2Ftags&post=77306"}],"curies":[{"name":"wp","href":"https:\/\/api.w.org\/{rel}","templated":true}]}}