{"id":77312,"date":"2016-06-22T16:57:10","date_gmt":"2016-06-22T13:57:10","guid":{"rendered":"http:\/\/www.sana.sy\/tr\/?p=77312"},"modified":"2016-06-23T16:33:26","modified_gmt":"2016-06-23T13:33:26","slug":"terore-karsi-askeri-operasyonlari-basariyla-suruyor","status":"publish","type":"post","link":"https:\/\/archive.sana.sy\/tr\/?p=77312","title":{"rendered":"Ter\u00f6re Kar\u015f\u0131 Askeri Operasyonlar\u0131 Ba\u015far\u0131yla S\u00fcr\u00fcyor"},"content":{"rendered":"<p>\u0130LLER \u2013 Vatan koruyucular\u0131m\u0131z bug\u00fcn de her sava\u015f meydan\u0131nda Vahhabi \u00c2l Suud ve \u0130hvanc\u0131 Erdo\u011fan rejimlerinin yan\u0131 s\u0131ra i\u015fgalci \u0130srail\u2019den destek alan ter\u00f6r \u00f6rg\u00fctlere kar\u015f\u0131 yeni zaferlere imza att\u0131.<\/p>\n<p><span style=\"color: #0000ff\">RAKKA:<\/span><\/p>\n<p>Askeri kaynak SANA\u2019ya a\u00e7\u0131klamas\u0131nda hava g\u00fc\u00e7lerimizin Rakka k\u0131rsal\u0131n\u0131n bat\u0131s\u0131 Tabaka \u2013 Enbac ve Enbac \u2013 Ebu el Ellac yollar\u0131na ek olarak Zekkiye\u2019nin g\u00fcneybat\u0131s\u0131nda I\u015e\u0130D\u2019e ait \u00e7ok say\u0131da z\u0131rhl\u0131 ve a\u011f\u0131r makineli silahlarla donat\u0131lm\u0131\u015f ara\u00e7lar\u0131 ta\u015f\u0131d\u0131klar\u0131 ter\u00f6ristler ve cephaneyle birlikte imha ettiklerini belirtti. Kaynak operasyonlarda aralar\u0131nda saha komutanlar\u0131 ve yabanc\u0131lar\u0131n bulundu\u011fu olduk\u00e7a y\u00fcksek say\u0131da tekfirci ter\u00f6ristin \u00f6ld\u00fcr\u00fcld\u00fcklerine dikkat \u00e7ekti.<\/p>\n<p><span style=\"color: #0000ff\">DERA:<\/span><\/p>\n<p>Bu arada askeri kaynak; ordu birliklerimizin Dera Beled\u2019te \u0130srail\u2019den destek alan Kaide \u00d6rg\u00fct\u00fcn\u00fcn Suriye kolu Nusra Cephesine y\u00f6nelik nitelikli operasyonlar ger\u00e7ekle\u015ftirdiklerini belirtti. Kaynak; operasyonlarda 2 komuta karargah\u0131n\u0131n muhtevalar\u0131yla birlikte tamamen imha edilip aralar\u0131nda tehlikeli isimlerin bulundu\u011fu bir\u00e7ok ter\u00f6ristin \u00f6l\u00fc ve yaral\u0131 d\u00fc\u015f\u00fcr\u00fcld\u00fc\u011f\u00fcn\u00fc s\u00f6zlerine ekledi.<\/p>\n","protected":false},"excerpt":{"rendered":"<p>\u0130LLER \u2013 Vatan koruyucular\u0131m\u0131z bug\u00fcn de her sava\u015f meydan\u0131nda Vahhabi \u00c2l Suud ve \u0130hvanc\u0131 Erdo\u011fan rejimlerinin yan\u0131 s\u0131ra i\u015fgalci \u0130srail\u2019den destek alan ter\u00f6r \u00f6rg\u00fctlere kar\u015f\u0131 yeni zaferlere imza att\u0131. RAKKA: Askeri kaynak SANA\u2019ya a\u00e7\u0131klamas\u0131nda hava g\u00fc\u00e7lerimizin Rakka k\u0131rsal\u0131n\u0131n bat\u0131s\u0131 Tabaka \u2013 Enbac ve Enbac \u2013 Ebu el Ellac yollar\u0131na ek olarak Zekkiye\u2019nin g\u00fcneybat\u0131s\u0131nda I\u015e\u0130D\u2019e ait &hellip;<\/p>\n","protected":false},"author":1,"featured_media":77314,"comment_status":"closed","ping_status":"closed","sticky":false,"template":"","format":"standard","meta":{"footnotes":""},"categories":[575,17988],"tags":[21940],"class_list":["post-77312","post","type-post","status-publish","format-standard","has-post-thumbnail","","category-olaylar-ve-gercekler","category-son-haberler","tag-terore-karsi-askeri-operasyonlari-basariyla-suruyor"],"_links":{"self":[{"href":"https:\/\/archive.sana.sy\/tr\/index.php?rest_route=\/wp\/v2\/posts\/77312","targetHints":{"allow":["GET"]}}],"collection":[{"href":"https:\/\/archive.sana.sy\/tr\/index.php?rest_route=\/wp\/v2\/posts"}],"about":[{"href":"https:\/\/archive.sana.sy\/tr\/index.php?rest_route=\/wp\/v2\/types\/post"}],"author":[{"embeddable":true,"href":"https:\/\/archive.sana.sy\/tr\/index.php?rest_route=\/wp\/v2\/users\/1"}],"replies":[{"embeddable":true,"href":"https:\/\/archive.sana.sy\/tr\/index.php?rest_route=%2Fwp%2Fv2%2Fcomments&post=77312"}],"version-history":[{"count":0,"href":"https:\/\/archive.sana.sy\/tr\/index.php?rest_route=\/wp\/v2\/posts\/77312\/revisions"}],"wp:featuredmedia":[{"embeddable":true,"href":"https:\/\/archive.sana.sy\/tr\/index.php?rest_route=\/wp\/v2\/media\/77314"}],"wp:attachment":[{"href":"https:\/\/archive.sana.sy\/tr\/index.php?rest_route=%2Fwp%2Fv2%2Fmedia&parent=77312"}],"wp:term":[{"taxonomy":"category","embeddable":true,"href":"https:\/\/archive.sana.sy\/tr\/index.php?rest_route=%2Fwp%2Fv2%2Fcategories&post=77312"},{"taxonomy":"post_tag","embeddable":true,"href":"https:\/\/archive.sana.sy\/tr\/index.php?rest_route=%2Fwp%2Fv2%2Ftags&post=77312"}],"curies":[{"name":"wp","href":"https:\/\/api.w.org\/{rel}","templated":true}]}}