{"id":77320,"date":"2016-06-22T19:41:38","date_gmt":"2016-06-22T16:41:38","guid":{"rendered":"http:\/\/www.sana.sy\/tr\/?p=77320"},"modified":"2016-06-23T16:35:09","modified_gmt":"2016-06-23T13:35:09","slug":"onumuzdeki-surec-daha-zor-olacak","status":"publish","type":"post","link":"https:\/\/archive.sana.sy\/tr\/?p=77320","title":{"rendered":"\u00d6n\u00fcm\u00fczdeki S\u00fcre\u00e7 Daha Zor Olacak"},"content":{"rendered":"<p>\u015eAM \u2013 Cumhurba\u015fkan\u0131 Be\u015f\u015far el Esad bug\u00fcn m\u00fcbarek Ramazan Ay\u0131 m\u00fcnasebetiyle \u0130slam dinin \u00f6nde gelen din adamlar\u0131ndan bir heyeti Vak\u0131flar Bakan\u0131 Muhammed Abd\u00fcssettar el Seyit ve Cumhuriyet Ba\u015f M\u00fcft\u00fcs\u00fc Ahmet Bederettin Hassun\u2019un kat\u0131l\u0131m\u0131yla kabul etti.<\/p>\n<p><a href=\"http:\/\/www.sana.sy\/tr\/wp-content\/uploads\/2016\/06\/el-Esad-4-1.jpg\"><img loading=\"lazy\" decoding=\"async\" class=\"alignright wp-image-77326 size-medium\" src=\"http:\/\/www.sana.sy\/tr\/wp-content\/uploads\/2016\/06\/el-Esad-4-1-300x166.jpg\" alt=\"el Esad 4\" width=\"300\" height=\"166\" srcset=\"https:\/\/archive.sana.sy\/tr\/wp-content\/uploads\/2016\/06\/el-Esad-4-1-300x166.jpg 300w, https:\/\/archive.sana.sy\/tr\/wp-content\/uploads\/2016\/06\/el-Esad-4-1-150x83.jpg 150w, https:\/\/archive.sana.sy\/tr\/wp-content\/uploads\/2016\/06\/el-Esad-4-1-768x425.jpg 768w, https:\/\/archive.sana.sy\/tr\/wp-content\/uploads\/2016\/06\/el-Esad-4-1-1024x567.jpg 1024w\" sizes=\"auto, (max-width: 300px) 100vw, 300px\" \/><\/a>Suriye&#8217;deki son geli\u015fmeler ve ya\u015fanan krizde din adamlar\u0131n\u0131n rol\u00fcn\u00fcn ele al\u0131nd\u0131\u011f\u0131 g\u00f6r\u00fc\u015fmede el Esad; din ilkeleri ve de\u011ferlerinin \u00e7arp\u0131t\u0131lmas\u0131na kar\u015f\u0131 m\u00fccadele ve halk\u0131n bilin\u00e7lendirilmesinde din adamlar\u0131na d\u00fc\u015fen misyona vurgu yapt\u0131. El Esad dini kurumlar\u0131n da bu ba\u011flamdaki rol\u00fcne dikkat \u00e7ekerken, dini mefhumlar\u0131n telkin ile de\u011fil analiz ve benimsetme y\u00f6ntemiyle \u00f6\u011fretilmesi \u00f6nemine vurgu yapt\u0131 Cumhurba\u015fkan\u0131 el Esad ayn\u0131 zamanda \u00f6n\u00fcm\u00fczdeki s\u00fcrecin sosyal, ideoloji ve k\u00fclt\u00fcrel a\u00e7\u0131dan daha zor bir s\u00fcre\u00e7 olaca\u011f\u0131na i\u015faret etti.<\/p>\n<p>Din adamlar\u0131 ise \u0130slam dininin \u00e7arp\u0131t\u0131lmas\u0131yla m\u00fccadele ve ger\u00e7ek de\u011ferlerinin peki\u015ftirilip yay\u0131lmas\u0131 y\u00f6n\u00fcndeki \u00e7abalar\u0131n\u0131 azimle s\u00fcrd\u00fcreceklerini belirtti. Radikal ideolojiler sahip ter\u00f6r \u00f6rg\u00fctlerin dini tamamen \u00e7arp\u0131tt\u0131klar\u0131na dikkat \u00e7eken din adamlar\u0131; bu \u00f6rg\u00fctler ve onlar\u0131 provoke eden g\u00fc\u00e7lerin ger\u00e7ek \u0130slam dini ile hi\u00e7bir ilgileri olmad\u0131klar\u0131n\u0131, dini \u00e7arp\u0131t\u0131p edat olarak kulland\u0131klar\u0131n\u0131 ifade etti.<\/p>\n<div id='gallery-1' class='gallery galleryid-77320 gallery-columns-3 gallery-size-thumbnail'><figure class='gallery-item'>\n\t\t\t<div class='gallery-icon landscape'>\n\t\t\t\t<a href='https:\/\/archive.sana.sy\/tr\/wp-content\/uploads\/2016\/06\/el-Esad-3-2.jpg'><img loading=\"lazy\" decoding=\"async\" width=\"150\" height=\"84\" src=\"https:\/\/archive.sana.sy\/tr\/wp-content\/uploads\/2016\/06\/el-Esad-3-2-150x84.jpg\" class=\"attachment-thumbnail size-thumbnail\" alt=\"\" srcset=\"https:\/\/archive.sana.sy\/tr\/wp-content\/uploads\/2016\/06\/el-Esad-3-2-150x84.jpg 150w, https:\/\/archive.sana.sy\/tr\/wp-content\/uploads\/2016\/06\/el-Esad-3-2-300x168.jpg 300w, https:\/\/archive.sana.sy\/tr\/wp-content\/uploads\/2016\/06\/el-Esad-3-2-768x429.jpg 768w, https:\/\/archive.sana.sy\/tr\/wp-content\/uploads\/2016\/06\/el-Esad-3-2-1024x572.jpg 1024w\" sizes=\"auto, (max-width: 150px) 100vw, 150px\" \/><\/a>\n\t\t\t<\/div><\/figure><figure class='gallery-item'>\n\t\t\t<div class='gallery-icon landscape'>\n\t\t\t\t<a href='https:\/\/archive.sana.sy\/tr\/wp-content\/uploads\/2016\/06\/el-Esad-1-3.jpg'><img loading=\"lazy\" decoding=\"async\" width=\"150\" height=\"63\" src=\"https:\/\/archive.sana.sy\/tr\/wp-content\/uploads\/2016\/06\/el-Esad-1-3-150x63.jpg\" class=\"attachment-thumbnail size-thumbnail\" alt=\"\" srcset=\"https:\/\/archive.sana.sy\/tr\/wp-content\/uploads\/2016\/06\/el-Esad-1-3-150x63.jpg 150w, https:\/\/archive.sana.sy\/tr\/wp-content\/uploads\/2016\/06\/el-Esad-1-3-300x126.jpg 300w, https:\/\/archive.sana.sy\/tr\/wp-content\/uploads\/2016\/06\/el-Esad-1-3-768x323.jpg 768w, https:\/\/archive.sana.sy\/tr\/wp-content\/uploads\/2016\/06\/el-Esad-1-3-1024x430.jpg 1024w\" sizes=\"auto, (max-width: 150px) 100vw, 150px\" \/><\/a>\n\t\t\t<\/div><\/figure><figure class='gallery-item'>\n\t\t\t<div class='gallery-icon landscape'>\n\t\t\t\t<a href='https:\/\/archive.sana.sy\/tr\/wp-content\/uploads\/2016\/06\/el-Esad-5.jpg'><img loading=\"lazy\" decoding=\"async\" width=\"150\" height=\"72\" src=\"https:\/\/archive.sana.sy\/tr\/wp-content\/uploads\/2016\/06\/el-Esad-5-150x72.jpg\" class=\"attachment-thumbnail size-thumbnail\" alt=\"\" srcset=\"https:\/\/archive.sana.sy\/tr\/wp-content\/uploads\/2016\/06\/el-Esad-5-150x72.jpg 150w, https:\/\/archive.sana.sy\/tr\/wp-content\/uploads\/2016\/06\/el-Esad-5-300x143.jpg 300w, https:\/\/archive.sana.sy\/tr\/wp-content\/uploads\/2016\/06\/el-Esad-5-768x367.jpg 768w, https:\/\/archive.sana.sy\/tr\/wp-content\/uploads\/2016\/06\/el-Esad-5-1024x489.jpg 1024w\" sizes=\"auto, (max-width: 150px) 100vw, 150px\" \/><\/a>\n\t\t\t<\/div><\/figure>\n\t\t<\/div>\n\n","protected":false},"excerpt":{"rendered":"<p>\u015eAM \u2013 Cumhurba\u015fkan\u0131 Be\u015f\u015far el Esad bug\u00fcn m\u00fcbarek Ramazan Ay\u0131 m\u00fcnasebetiyle \u0130slam dinin \u00f6nde gelen din adamlar\u0131ndan bir heyeti Vak\u0131flar Bakan\u0131 Muhammed Abd\u00fcssettar el Seyit ve Cumhuriyet Ba\u015f M\u00fcft\u00fcs\u00fc Ahmet Bederettin Hassun\u2019un kat\u0131l\u0131m\u0131yla kabul etti. Suriye&#8217;deki son geli\u015fmeler ve ya\u015fanan krizde din adamlar\u0131n\u0131n rol\u00fcn\u00fcn ele al\u0131nd\u0131\u011f\u0131 g\u00f6r\u00fc\u015fmede el Esad; din ilkeleri ve de\u011ferlerinin \u00e7arp\u0131t\u0131lmas\u0131na kar\u015f\u0131 &hellip;<\/p>\n","protected":false},"author":1,"featured_media":77321,"comment_status":"closed","ping_status":"closed","sticky":false,"template":"","format":"standard","meta":{"footnotes":""},"categories":[608,479,605,17988,478],"tags":[17256,8767,21373,21943],"class_list":["post-77320","post","type-post","status-publish","format-standard","has-post-thumbnail","","category-etkinlikler","category-haberler-yerel","category-sayin-cumhurbaskani","category-son-haberler","category-yerel","tag-bessar-el-esad","tag-cumhurbaskani","tag-din-adamlari","tag-onumuzdeki-surec-daha-zor-olacak"],"_links":{"self":[{"href":"https:\/\/archive.sana.sy\/tr\/index.php?rest_route=\/wp\/v2\/posts\/77320","targetHints":{"allow":["GET"]}}],"collection":[{"href":"https:\/\/archive.sana.sy\/tr\/index.php?rest_route=\/wp\/v2\/posts"}],"about":[{"href":"https:\/\/archive.sana.sy\/tr\/index.php?rest_route=\/wp\/v2\/types\/post"}],"author":[{"embeddable":true,"href":"https:\/\/archive.sana.sy\/tr\/index.php?rest_route=\/wp\/v2\/users\/1"}],"replies":[{"embeddable":true,"href":"https:\/\/archive.sana.sy\/tr\/index.php?rest_route=%2Fwp%2Fv2%2Fcomments&post=77320"}],"version-history":[{"count":0,"href":"https:\/\/archive.sana.sy\/tr\/index.php?rest_route=\/wp\/v2\/posts\/77320\/revisions"}],"wp:featuredmedia":[{"embeddable":true,"href":"https:\/\/archive.sana.sy\/tr\/index.php?rest_route=\/wp\/v2\/media\/77321"}],"wp:attachment":[{"href":"https:\/\/archive.sana.sy\/tr\/index.php?rest_route=%2Fwp%2Fv2%2Fmedia&parent=77320"}],"wp:term":[{"taxonomy":"category","embeddable":true,"href":"https:\/\/archive.sana.sy\/tr\/index.php?rest_route=%2Fwp%2Fv2%2Fcategories&post=77320"},{"taxonomy":"post_tag","embeddable":true,"href":"https:\/\/archive.sana.sy\/tr\/index.php?rest_route=%2Fwp%2Fv2%2Ftags&post=77320"}],"curies":[{"name":"wp","href":"https:\/\/api.w.org\/{rel}","templated":true}]}}